{"id":89,"date":"2025-11-02T21:04:27","date_gmt":"2025-11-02T21:04:27","guid":{"rendered":"https:\/\/demosites.royal-elementor-addons.com\/personal-blog-v3\/?p=89"},"modified":"2025-11-02T21:09:53","modified_gmt":"2025-11-02T21:09:53","slug":"setting-goals-and-staying-motivated","status":"publish","type":"post","link":"https:\/\/arefrigeracaocwb.com.br\/blog\/setting-goals-and-staying-motivated\/","title":{"rendered":"Agora a Ar refrigera\u00e7\u00e3o tem um blog!"},"content":{"rendered":"\t\t<div data-elementor-type=\"wp-post\" data-elementor-id=\"89\" class=\"elementor elementor-89\">\n\t\t\t\t\t\t<section class=\"elementor-section elementor-top-section elementor-element elementor-element-2c3b7e38 elementor-section-boxed elementor-section-height-default elementor-section-height-default wpr-particle-no wpr-jarallax-no wpr-parallax-no wpr-sticky-section-no wpr-column-slider-no wpr-equal-height-no\" data-id=\"2c3b7e38\" data-element_type=\"section\" data-e-type=\"section\">\n\t\t\t\t\t\t<div class=\"elementor-container elementor-column-gap-default\">\n\t\t\t\t\t<div class=\"elementor-column elementor-col-100 elementor-top-column elementor-element elementor-element-41f428f4\" data-id=\"41f428f4\" data-element_type=\"column\" data-e-type=\"column\">\n\t\t\t<div class=\"elementor-widget-wrap elementor-element-populated\">\n\t\t\t\t\t\t<div class=\"elementor-element elementor-element-7a7bc327 elementor-widget elementor-widget-text-editor\" data-id=\"7a7bc327\" data-element_type=\"widget\" data-e-type=\"widget\" data-widget_type=\"text-editor.default\">\n\t\t\t\t\t\t\t\t\t<p>Tem novidade no ar, literalmente!<\/p>\n<p>A Ar Refrigera\u00e7\u00e3o acaba de lan\u00e7ar o seu blog oficial, um espa\u00e7o criado para compartilhar conhecimento, novidades e dicas sobre tudo o que envolve climatiza\u00e7\u00e3o, conforto t\u00e9rmico e tecnologia em refrigera\u00e7\u00e3o.<\/p>\n<h2>Por que criamos este blog?<\/h2>\n<p>Sabemos que o ar-condicionado faz parte do dia a dia de muitas pessoas, seja em casa, no trabalho ou em com\u00e9rcios. Mas nem sempre \u00e9 f\u00e1cil encontrar informa\u00e7\u00f5es confi\u00e1veis sobre instala\u00e7\u00e3o, manuten\u00e7\u00e3o, economia de energia e escolha do modelo ideal. Pensando nisso, criamos este canal para ajudar voc\u00ea a entender melhor o funcionamento dos equipamentos, tirar d\u00favidas e cuidar melhor do seu sistema de refrigera\u00e7\u00e3o.<\/p>\n<h2>O que voc\u00ea vai encontrar por aqui<\/h2>\n<p>No blog da Ar Refrigera\u00e7\u00e3o, voc\u00ea poder\u00e1 acompanhar:<\/p>\n<ul>\n<li>Dicas pr\u00e1ticas de uso e manuten\u00e7\u00e3o de ar-condicionado.<\/li>\n<li>Tutoriais sobre limpeza, instala\u00e7\u00e3o e economia de energia.<\/li>\n<li>Tend\u00eancias do mercado de refrigera\u00e7\u00e3o e climatiza\u00e7\u00e3o.<\/li>\n<li>Comparativos de marcas e modelos, ajudando voc\u00ea a escolher com seguran\u00e7a.<\/li>\n<li>Conte\u00fados t\u00e9cnicos explicados de forma simples, para que qualquer pessoa possa entender.<\/li>\n<\/ul>\n<h2>Um espa\u00e7o feito para voc\u00ea<\/h2>\n<p>Nosso objetivo \u00e9 aproximar ainda mais a Ar Refrigera\u00e7\u00e3o dos clientes e oferecer informa\u00e7\u00e3o de qualidade, de forma clara e acess\u00edvel.<\/p>\n<p>Queremos que o blog seja uma refer\u00eancia para quem busca conforto t\u00e9rmico e deseja investir em solu\u00e7\u00f5es inteligentes para o seu ambiente.<\/p>\t\t\t\t\t\t\t\t<\/div>\n\t\t\t\t\t<\/div>\n\t\t<\/div>\n\t\t\t\t\t<\/div>\n\t\t<\/section>\n\t\t\t\t<\/div>\n\t\t","protected":false},"excerpt":{"rendered":"<p>Tem novidade no ar, literalmente! A Ar Refrigera\u00e7\u00e3o acaba de lan\u00e7ar o seu blog oficial, um espa\u00e7o criado para compartilhar conhecimento, novidades e dicas sobre tudo o que envolve climatiza\u00e7\u00e3o, conforto t\u00e9rmico e tecnologia em refrigera\u00e7\u00e3o. Por que criamos este blog? Sabemos que o ar-condicionado faz parte do dia a dia de muitas pessoas, seja em casa, no trabalho ou em com\u00e9rcios. Mas nem sempre \u00e9 f\u00e1cil encontrar informa\u00e7\u00f5es confi\u00e1veis sobre instala\u00e7\u00e3o, manuten\u00e7\u00e3o, economia de energia e escolha do modelo ideal. Pensando nisso, criamos este canal para ajudar voc\u00ea a entender melhor o funcionamento dos equipamentos, tirar d\u00favidas e cuidar melhor do seu sistema de refrigera\u00e7\u00e3o. O que voc\u00ea vai encontrar por aqui No blog da Ar Refrigera\u00e7\u00e3o, voc\u00ea poder\u00e1 acompanhar: Dicas pr\u00e1ticas de uso e manuten\u00e7\u00e3o de ar-condicionado. Tutoriais sobre limpeza, instala\u00e7\u00e3o e economia de energia. Tend\u00eancias do mercado de refrigera\u00e7\u00e3o e climatiza\u00e7\u00e3o. Comparativos de marcas e modelos, ajudando voc\u00ea a escolher com seguran\u00e7a. Conte\u00fados t\u00e9cnicos explicados de forma simples, para que qualquer pessoa possa entender. Um espa\u00e7o feito para voc\u00ea Nosso objetivo \u00e9 aproximar ainda mais a Ar Refrigera\u00e7\u00e3o dos clientes e oferecer informa\u00e7\u00e3o de qualidade, de forma clara e acess\u00edvel. Queremos que o blog seja uma refer\u00eancia para quem busca conforto t\u00e9rmico e deseja investir em solu\u00e7\u00f5es inteligentes para o seu ambiente.<\/p>\n","protected":false},"author":1,"featured_media":995,"comment_status":"open","ping_status":"open","sticky":false,"template":"","format":"standard","meta":{"footnotes":""},"categories":[34],"tags":[],"class_list":["post-89","post","type-post","status-publish","format-standard","has-post-thumbnail","hentry","category-empresa-de-climatizacao-em-curitiba"],"_links":{"self":[{"href":"https:\/\/arefrigeracaocwb.com.br\/blog\/wp-json\/wp\/v2\/posts\/89","targetHints":{"allow":["GET"]}}],"collection":[{"href":"https:\/\/arefrigeracaocwb.com.br\/blog\/wp-json\/wp\/v2\/posts"}],"about":[{"href":"https:\/\/arefrigeracaocwb.com.br\/blog\/wp-json\/wp\/v2\/types\/post"}],"author":[{"embeddable":true,"href":"https:\/\/arefrigeracaocwb.com.br\/blog\/wp-json\/wp\/v2\/users\/1"}],"replies":[{"embeddable":true,"href":"https:\/\/arefrigeracaocwb.com.br\/blog\/wp-json\/wp\/v2\/comments?post=89"}],"version-history":[{"count":4,"href":"https:\/\/arefrigeracaocwb.com.br\/blog\/wp-json\/wp\/v2\/posts\/89\/revisions"}],"predecessor-version":[{"id":994,"href":"https:\/\/arefrigeracaocwb.com.br\/blog\/wp-json\/wp\/v2\/posts\/89\/revisions\/994"}],"wp:featuredmedia":[{"embeddable":true,"href":"https:\/\/arefrigeracaocwb.com.br\/blog\/wp-json\/wp\/v2\/media\/995"}],"wp:attachment":[{"href":"https:\/\/arefrigeracaocwb.com.br\/blog\/wp-json\/wp\/v2\/media?parent=89"}],"wp:term":[{"taxonomy":"category","embeddable":true,"href":"https:\/\/arefrigeracaocwb.com.br\/blog\/wp-json\/wp\/v2\/categories?post=89"},{"taxonomy":"post_tag","embeddable":true,"href":"https:\/\/arefrigeracaocwb.com.br\/blog\/wp-json\/wp\/v2\/tags?post=89"}],"curies":[{"name":"wp","href":"https:\/\/api.w.org\/{rel}","templated":true}]}}