{"id":1257,"date":"2026-08-10T13:12:54","date_gmt":"2026-08-10T13:12:54","guid":{"rendered":"https:\/\/arefrigeracaocwb.com.br\/blog\/manutencao-de-ar-condicionado-em-curitiba-guia-completo\/"},"modified":"2026-08-10T13:12:54","modified_gmt":"2026-08-10T13:12:54","slug":"manutencao-de-ar-condicionado-em-curitiba-guia-completo","status":"publish","type":"post","link":"https:\/\/arefrigeracaocwb.com.br\/blog\/manutencao-de-ar-condicionado-em-curitiba-guia-completo\/","title":{"rendered":"Manuten\u00e7\u00e3o de Ar Condicionado em Curitiba: Guia Completo"},"content":{"rendered":"<h2>O que \u00e9 manuten\u00e7\u00e3o de ar condicionado e por que ela importa em Curitiba<\/h2>\n<p>A <strong>manuten\u00e7\u00e3o de ar condicionado em Curitiba<\/strong> \u00e9 o conjunto de procedimentos peri\u00f3dicos que mant\u00e9m o equipamento funcionando com efici\u00eancia, seguran\u00e7a e qualidade do ar. Sem ela, o aparelho trabalha for\u00e7ado, consome mais energia e pode virar fonte de fungos e bact\u00e9rias no ambiente.<\/p>\n<p>Em Curitiba, o clima faz diferen\u00e7a. As varia\u00e7\u00f5es bruscas de temperatura ao longo do ano, com invernos rigorosos e ver\u00f5es \u00famidos, exigem que o sistema de climatiza\u00e7\u00e3o esteja sempre calibrado. Um aparelho mal mantido no inverno pode falhar exatamente no pico do calor de dezembro, quando a demanda por reparo \u00e9 maior e os prazos de atendimento aumentam.<\/p>\n<p>A Resolu\u00e7\u00e3o RE n\u00ba 9\/2003 da ANVISA estabelece padr\u00f5es de qualidade do ar interior para ambientes climatizados artificialmente. Para ambientes de uso coletivo, a norma \u00e9 obrigat\u00f3ria e exige registros de manuten\u00e7\u00e3o. Ignorar isso n\u00e3o \u00e9 s\u00f3 risco t\u00e9cnico: \u00e9 risco sanit\u00e1rio e legal.<\/p>\n<h2>Preventiva ou corretiva: qual a diferen\u00e7a e quando acionar cada uma<\/h2>\n<p>Essa \u00e9 a d\u00favida mais comum, e a resposta muda o custo da conta no final do m\u00eas.<\/p>\n<div style=\"margin:30px 0;padding:22px 26px;background:#eef4ff;border-radius:12px;text-align:center\"><button type=\"button\" class=\"CTAPP\" style=\"background:#0a2351;color:#fff;border:none;border-radius:8px;padding:13px 26px;font-weight:700;font-size:1rem;cursor:pointer\">Falar com nossos especialistas<\/button><\/div>\n<p><strong>Manuten\u00e7\u00e3o preventiva<\/strong> \u00e9 programada, feita antes de qualquer falha aparecer. O t\u00e9cnico limpa filtros, verifica a carga de g\u00e1s, checa conex\u00f5es el\u00e9tricas e drenos. O objetivo \u00e9 antecipar problemas antes que eles parem o equipamento.<\/p>\n<p><strong>Manuten\u00e7\u00e3o corretiva<\/strong> \u00e9 acionada quando o aparelho j\u00e1 apresenta falha: n\u00e3o gela, faz barulho, pinga \u00e1gua ou desliga sozinho. O custo \u00e9 quase sempre maior, porque envolve diagn\u00f3stico, pe\u00e7as e, frequentemente, parada de opera\u00e7\u00e3o.<\/p>\n<table>\n<thead>\n<tr>\n<th>Tipo<\/th>\n<th>Quando fazer<\/th>\n<th>O que inclui<\/th>\n<th>Custo relativo<\/th>\n<\/tr>\n<\/thead>\n<tbody>\n<tr>\n<td>Preventiva<\/td>\n<td>A cada 3 a 6 meses, conforme uso<\/td>\n<td>Limpeza, verifica\u00e7\u00e3o de g\u00e1s, el\u00e9trica, dreno<\/td>\n<td>Menor<\/td>\n<\/tr>\n<tr>\n<td>Corretiva<\/td>\n<td>Quando h\u00e1 falha vis\u00edvel<\/td>\n<td>Diagn\u00f3stico, reparo ou troca de pe\u00e7as<\/td>\n<td>Maior<\/td>\n<\/tr>\n<tr>\n<td>Preditiva<\/td>\n<td>Monitoramento cont\u00ednuo (ambientes cr\u00edticos)<\/td>\n<td>An\u00e1lise de vibra\u00e7\u00e3o, termografia, hist\u00f3rico<\/td>\n<td>Vari\u00e1vel<\/td>\n<\/tr>\n<\/tbody>\n<\/table>\n<p>Para entender em detalhes quando cada tipo de interven\u00e7\u00e3o deve ser acionado, veja nosso artigo sobre <a href=\"https:\/\/arefrigeracaocwb.com.br\/blog\/manutenccao-corretiva-ar-condicionado\/\">manuten\u00e7\u00e3o corretiva de ar condicionado<\/a>.<\/p>\n<h2>Frequ\u00eancia ideal de manuten\u00e7\u00e3o de ar condicionado em Curitiba<\/h2>\n<p>N\u00e3o existe uma resposta \u00fanica. A frequ\u00eancia depende de tr\u00eas vari\u00e1veis: tipo de ambiente, intensidade de uso e modelo do equipamento.<\/p>\n<ul>\n<li><strong>Resid\u00eancias com uso moderado:<\/strong> limpeza de filtros a cada 30 dias (pelo pr\u00f3prio morador) e manuten\u00e7\u00e3o t\u00e9cnica a cada 6 meses.<\/li>\n<li><strong>Escrit\u00f3rios e com\u00e9rcio com uso di\u00e1rio:<\/strong> manuten\u00e7\u00e3o t\u00e9cnica a cada 3 meses, com registro em planilha.<\/li>\n<li><strong>Ambientes cr\u00edticos (hospitais, cl\u00ednicas, laborat\u00f3rios):<\/strong> a cada 1 a 2 meses, com laudo t\u00e9cnico e conformidade com a ANVISA.<\/li>\n<li><strong>Ind\u00fastrias e galp\u00f5es:<\/strong> conforme o PMOC (Plano de Manuten\u00e7\u00e3o, Opera\u00e7\u00e3o e Controle), obrigat\u00f3rio para ambientes com mais de 60 m\u00b2 climatizados artificialmente.<\/li>\n<\/ul>\n<p>Em Curitiba, o inverno reduz o uso do modo frio, mas o modo aquecimento (nos aparelhos quente\/frio) exige a mesma aten\u00e7\u00e3o. Aparelhos parados por meses acumulam poeira e umidade internamente. Ao religar no ver\u00e3o, esse ac\u00famulo \u00e9 lan\u00e7ado direto no ar do ambiente.<\/p>\n<h2>O que \u00e9 o PMOC e quem \u00e9 obrigado a ter<\/h2>\n<p>O <strong>PMOC<\/strong> (Plano de Manuten\u00e7\u00e3o, Opera\u00e7\u00e3o e Controle) \u00e9 um documento t\u00e9cnico obrigat\u00f3rio, regulamentado pela Lei Federal n\u00ba 13.589\/2018 e pela Portaria n\u00ba 3.523\/1998 do Minist\u00e9rio da Sa\u00fade. Todo ambiente de uso coletivo com \u00e1rea superior a 60 m\u00b2 e climatiza\u00e7\u00e3o artificial precisa ter o PMOC em dia.<\/p>\n<p>O plano define a periodicidade das manuten\u00e7\u00f5es, os procedimentos de cada visita, os respons\u00e1veis t\u00e9cnicos e os registros de cada interven\u00e7\u00e3o. A aus\u00eancia do PMOC pode resultar em autua\u00e7\u00e3o pela vigil\u00e2ncia sanit\u00e1ria e, em caso de problema de sa\u00fade relacionado ao ar, em responsabilidade civil do propriet\u00e1rio ou gestor do im\u00f3vel.<\/p>\n<p>Para empresas em Curitiba, ter o PMOC n\u00e3o \u00e9 burocracia: \u00e9 prote\u00e7\u00e3o. Saiba mais sobre como funciona o <a href=\"https:\/\/arefrigeracaocwb.com.br\/blog\/o-que-e-pmoc\/\">PMOC e o que ele exige na pr\u00e1tica<\/a>.<\/p>\n<div style=\"margin:30px 0;padding:22px 26px;background:#eef4ff;border-radius:12px;text-align:center\"><button type=\"button\" class=\"CTAPP\" style=\"background:#0a2351;color:#fff;border:none;border-radius:8px;padding:13px 26px;font-weight:700;font-size:1rem;cursor:pointer\">Conhecer nossas solu\u00e7\u00f5es<\/button><\/div>\n<h2>Etapas de uma manuten\u00e7\u00e3o preventiva completa<\/h2>\n<p>Saber o que o t\u00e9cnico deveria fazer em cada visita evita que voc\u00ea pague por um servi\u00e7o incompleto. Uma manuten\u00e7\u00e3o preventiva bem executada cobre, no m\u00ednimo, os seguintes pontos:<\/p>\n<ol>\n<li><strong>Limpeza e higieniza\u00e7\u00e3o dos filtros:<\/strong> remo\u00e7\u00e3o de poeira, fungos e bact\u00e9rias acumulados. \u00c9 a etapa mais b\u00e1sica e a mais ignorada quando o servi\u00e7o \u00e9 feito \u00e0s pressas.<\/li>\n<li><strong>Limpeza do evaporador e do condensador:<\/strong> as serpentinas acumulam sujeira que reduz a troca de calor e for\u00e7a o compressor.<\/li>\n<li><strong>Verifica\u00e7\u00e3o e limpeza do dreno:<\/strong> entupimento no dreno causa vazamento de \u00e1gua, que danifica forros, paredes e equipamentos abaixo do aparelho.<\/li>\n<li><strong>Verifica\u00e7\u00e3o da carga de g\u00e1s refrigerante:<\/strong> g\u00e1s abaixo do n\u00edvel correto faz o aparelho n\u00e3o gelar e sobrecarrega o compressor, que \u00e9 a pe\u00e7a mais cara do sistema.<\/li>\n<li><strong>Inspe\u00e7\u00e3o el\u00e9trica:<\/strong> checagem de conex\u00f5es, capacitores e prote\u00e7\u00f5es. Falha el\u00e9trica \u00e9 a causa n\u00famero um de inc\u00eandios em equipamentos de climatiza\u00e7\u00e3o.<\/li>\n<li><strong>Verifica\u00e7\u00e3o do ventilador e das p\u00e1s:<\/strong> desequil\u00edbrio gera vibra\u00e7\u00e3o, barulho e desgaste prematuro do rolamento.<\/li>\n<li><strong>Teste de funcionamento:<\/strong> ao final, o t\u00e9cnico verifica temperatura de insuflamento, diferencial de temperatura e opera\u00e7\u00e3o em todos os modos.<\/li>\n<\/ol>\n<p>Uma <a href=\"https:\/\/arefrigeracaocwb.com.br\/blog\/manutencao-preventiva-de-ar-condicionado\/\">manuten\u00e7\u00e3o preventiva de ar condicionado<\/a> bem documentada registra cada um desses pontos com o resultado encontrado, n\u00e3o apenas um<\/p>\n","protected":false},"excerpt":{"rendered":"<p>Manuten\u00e7\u00e3o de ar condicionado em Curitiba: saiba quando fazer, o que cada etapa inclui, quanto custa e como evitar paradas caras. Guia completo 2026.<\/p>\n","protected":false},"author":2,"featured_media":1260,"comment_status":"open","ping_status":"open","sticky":false,"template":"","format":"standard","meta":{"footnotes":""},"categories":[37],"tags":[],"class_list":["post-1257","post","type-post","status-publish","format-standard","has-post-thumbnail","hentry","category-manutencao-de-ar-condicionado"],"_links":{"self":[{"href":"https:\/\/arefrigeracaocwb.com.br\/blog\/wp-json\/wp\/v2\/posts\/1257","targetHints":{"allow":["GET"]}}],"collection":[{"href":"https:\/\/arefrigeracaocwb.com.br\/blog\/wp-json\/wp\/v2\/posts"}],"about":[{"href":"https:\/\/arefrigeracaocwb.com.br\/blog\/wp-json\/wp\/v2\/types\/post"}],"author":[{"embeddable":true,"href":"https:\/\/arefrigeracaocwb.com.br\/blog\/wp-json\/wp\/v2\/users\/2"}],"replies":[{"embeddable":true,"href":"https:\/\/arefrigeracaocwb.com.br\/blog\/wp-json\/wp\/v2\/comments?post=1257"}],"version-history":[{"count":0,"href":"https:\/\/arefrigeracaocwb.com.br\/blog\/wp-json\/wp\/v2\/posts\/1257\/revisions"}],"wp:featuredmedia":[{"embeddable":true,"href":"https:\/\/arefrigeracaocwb.com.br\/blog\/wp-json\/wp\/v2\/media\/1260"}],"wp:attachment":[{"href":"https:\/\/arefrigeracaocwb.com.br\/blog\/wp-json\/wp\/v2\/media?parent=1257"}],"wp:term":[{"taxonomy":"category","embeddable":true,"href":"https:\/\/arefrigeracaocwb.com.br\/blog\/wp-json\/wp\/v2\/categories?post=1257"},{"taxonomy":"post_tag","embeddable":true,"href":"https:\/\/arefrigeracaocwb.com.br\/blog\/wp-json\/wp\/v2\/tags?post=1257"}],"curies":[{"name":"wp","href":"https:\/\/api.w.org\/{rel}","templated":true}]}}