{"id":1254,"date":"2026-07-27T21:13:55","date_gmt":"2026-07-27T21:13:55","guid":{"rendered":"https:\/\/arefrigeracaocwb.com.br\/blog\/instalacao-de-ar-condicionado-comercial-curitiba\/"},"modified":"2026-07-27T21:13:55","modified_gmt":"2026-07-27T21:13:55","slug":"instalacao-de-ar-condicionado-comercial-curitiba","status":"publish","type":"post","link":"https:\/\/arefrigeracaocwb.com.br\/blog\/instalacao-de-ar-condicionado-comercial-curitiba\/","title":{"rendered":"Instala\u00e7\u00e3o de Ar Condicionado Comercial em Curitiba"},"content":{"rendered":"<h2>O que diferencia a instala\u00e7\u00e3o de ar condicionado comercial da residencial<\/h2>\n<p>A <strong>instala\u00e7\u00e3o de ar condicionado comercial em Curitiba<\/strong> n\u00e3o \u00e9 uma vers\u00e3o maior da instala\u00e7\u00e3o residencial. \u00c9 um projeto diferente, com vari\u00e1veis que mudam tudo: carga t\u00e9rmica de equipamentos e pessoas, hor\u00e1rios de funcionamento prolongados, exig\u00eancias de norma e, em muitos casos, necessidade de ART (Anota\u00e7\u00e3o de Responsabilidade T\u00e9cnica) assinada por engenheiro.<\/p>\n<p>Um escrit\u00f3rio de 200 m\u00b2 com 20 esta\u00e7\u00f5es de trabalho, servidores ligados e fachada envidra\u00e7ada voltada para o norte gera uma demanda de resfriamento completamente diferente de uma casa com a mesma metragem. Ignorar isso na hora de dimensionar o sistema \u00e9 o erro mais comum, e o mais caro.<\/p>\n<p>O resultado de um dimensionamento errado aparece em at\u00e9 90 dias: equipamento que n\u00e3o resfria no pico do ver\u00e3o curitibano, compressor que cicla demais e falha antes do prazo, conta de energia acima do esperado e reclama\u00e7\u00f5es constantes dos ocupantes.<\/p>\n<h2>Quais sistemas s\u00e3o usados na instala\u00e7\u00e3o comercial em Curitiba<\/h2>\n<p>A escolha do sistema depende do porte do espa\u00e7o, da distribui\u00e7\u00e3o dos ambientes e do or\u00e7amento dispon\u00edvel para instala\u00e7\u00e3o e opera\u00e7\u00e3o. Os mais utilizados em ambientes comerciais na cidade s\u00e3o:<\/p>\n<ul>\n<li><strong>Split hi-wall e cassete:<\/strong> indicados para salas individuais, consult\u00f3rios e lojas de pequeno porte. Instala\u00e7\u00e3o mais simples, custo menor, mas cada unidade resfria um ambiente isolado.<\/li>\n<li><strong>Multi-split:<\/strong> uma condensadora atende v\u00e1rias evaporadoras. Reduz o n\u00famero de equipamentos externos, mas exige planejamento de tubula\u00e7\u00e3o e capacidade desde o in\u00edcio.<\/li>\n<li><strong>VRF (Volume de Refrigerante Vari\u00e1vel):<\/strong> ideal para edif\u00edcios comerciais, hot\u00e9is e cl\u00ednicas. Permite controle individualizado por zona, alta efici\u00eancia energ\u00e9tica e opera\u00e7\u00e3o silenciosa. O investimento inicial \u00e9 maior, mas o custo operacional cai de forma relevante em uso intensivo.<\/li>\n<li><strong>Sistema dutado com VRF:<\/strong> combina a flexibilidade do VRF com distribui\u00e7\u00e3o de ar por dutos ocultos no forro. Resultado est\u00e9tico superior e controle preciso por ambiente. Saiba mais sobre como esse sistema funciona na pr\u00e1tica no artigo sobre <a href=\"https:\/\/arefrigeracaocwb.com.br\/blog\/sistema-dutado-com-vrf-em-curitiba\/\">sistema dutado com VRF em Curitiba<\/a>.<\/li>\n<li><strong>Chiller:<\/strong> para grandes \u00e1reas, como centros comerciais e edif\u00edcios corporativos. Requer projeto hidr\u00e1ulico integrado e equipe especializada. A AR Refrigera\u00e7\u00e3o executa <a href=\"https:\/\/www.arefrigeracaocwb.com.br\/instalacao-ar-condicionado-chiller-curitiba.html\">instala\u00e7\u00e3o de ar condicionado chiller em Curitiba<\/a> com projeto completo e ART.<\/li>\n<\/ul>\n<p>Nenhum desses sistemas \u00e9 universalmente melhor. O crit\u00e9rio de escolha correto come\u00e7a pelo levantamento de carga t\u00e9rmica, n\u00e3o pelo pre\u00e7o do equipamento.<\/p>\n<h2>Etapas de uma instala\u00e7\u00e3o comercial bem executada<\/h2>\n<p>Uma instala\u00e7\u00e3o comercial s\u00e9ria segue um processo estruturado. Atalhar qualquer etapa cria problemas que aparecem meses depois, quando o custo de corre\u00e7\u00e3o \u00e9 muito maior.<\/p>\n<h3>1. Levantamento t\u00e9cnico e projeto<\/h3>\n<p>O ponto de partida \u00e9 o levantamento das caracter\u00edsticas do espa\u00e7o: \u00e1rea, p\u00e9-direito, orienta\u00e7\u00e3o solar, n\u00famero de ocupantes, carga de equipamentos e uso previsto. Com esses dados, calcula-se a carga t\u00e9rmica real e define-se o sistema mais adequado. Em ambientes comerciais acima de determinada capacidade, a NBR 16.401 (norma da ABNT para instala\u00e7\u00f5es de ar condicionado) orienta os crit\u00e9rios de projeto e qualidade do ar interior.<\/p>\n<h3>2. ART e responsabilidade t\u00e9cnica<\/h3>\n<p>Instala\u00e7\u00f5es comerciais de maior porte exigem ART emitida por engenheiro mec\u00e2nico registrado no CREA. Esse documento \u00e9 obrigat\u00f3rio para condom\u00ednios comerciais, \u00f3rg\u00e3os p\u00fablicos e qualquer ambiente sujeito a alvar\u00e1 de funcionamento. Executar sem ART exp\u00f5e o contratante a multas e invalida ap\u00f3lices de seguro predial.<\/p>\n<h3>3. Execu\u00e7\u00e3o: tubula\u00e7\u00e3o, el\u00e9trica e fixa\u00e7\u00e3o<\/h3>\n<p>A instala\u00e7\u00e3o f\u00edsica envolve passagem de tubula\u00e7\u00e3o de cobre (com bitola correta para cada sistema), cabeamento el\u00e9trico dimensionado para a carga, fixa\u00e7\u00e3o estrutural das unidades e veda\u00e7\u00e3o dos pontos de passagem. Em ambientes comerciais, o acabamento importa: calhas, forros e posicionamento das unidades impactam a percep\u00e7\u00e3o do espa\u00e7o pelos clientes.<\/p>\n<h3>4. Carga de g\u00e1s e comissionamento<\/h3>\n<p>Ap\u00f3s a instala\u00e7\u00e3o f\u00edsica, o sistema recebe a carga de g\u00e1s refrigerante (R-410A ou R-32 nos equipamentos mais recentes), passa por v\u00e1cuo para eliminar umidade e \u00e9 testado em opera\u00e7\u00e3o. O comissionamento documenta temperatura de insuflamento, press\u00e3o de opera\u00e7\u00e3o e consumo el\u00e9trico medido, garantindo que o sistema entrega o que foi projetado.<\/p>\n<h3>5. Entrega t\u00e9cnica e PMOC<\/h3>\n<p>Ambientes comerciais com capacidade instalada acima de 5 TR (toneladas de refrigera\u00e7\u00e3o) s\u00e3o obrigados por lei federal (Portaria 3.523\/98 do Minist\u00e9rio da Sa\u00fade) a manter um PMOC, o Plano de Manuten\u00e7\u00e3o, Opera\u00e7\u00e3o e Controle. O PMOC define as frequ\u00eancias de limpeza, troca de filtros e inspe\u00e7\u00e3o do sistema. Entregar o sistema sem esse plano \u00e9 entregar incompleto.<\/p>\n<div style=\"margin:30px 0;padding:22px 26px;background:#eef4ff;border-radius:12px;text-align:center\">\n<p style=\"margin:0 0 16px;color:#1e293b;font-size:1rem;line-height:1.6\">Se o seu espa\u00e7o comercial precisa de um projeto de climatiza\u00e7\u00e3o com especifica\u00e7\u00e3o t\u00e9cnica e ART, vale conversar com quem j\u00e1 executou esse tipo de instala\u00e7\u00e3o em Curitiba.<\/p>\n<p><button type=\"button\" class=\"CTAPP\" style=\"background:#0a2351;color:#fff;border:none;border-radius:8px;padding:13px 26px;font-weight:700;font-size:1rem;cursor:pointer\">Solicitar projeto comercial<\/button><\/div>\n<h2>Curitiba tem particularidades que mudam o projeto<\/h2>\n<p>O clima de Curitiba imp\u00f5e exig\u00eancias que nem toda empresa de climatiza\u00e7\u00e3o de outras regi\u00f5es conhece bem. A cidade registra amplitudes t\u00e9rmicas expressivas: ver\u00f5es com picos acima de 30\u00b0C e invernos com temperaturas abaixo de 5\u00b0C s\u00e3o comuns no mesmo ano. Isso significa que muitos ambientes comerciais precisam de equipamentos com fun\u00e7\u00e3o <strong>quente\/frio<\/strong>, n\u00e3o apenas resfriamento.<\/p>\n<p>Al\u00e9m disso, a umidade relativa do ar em Curitiba costuma ser alta no inverno, o que favorece o ac\u00famulo de fungos nos filtros e serpentinas quando a manuten\u00e7\u00e3o \u00e9 negligenciada. Um sistema mal higienizado em ambiente comercial n\u00e3o \u00e9 s\u00f3 ineficiente: \u00e9 um risco \u00e0 sa\u00fade dos ocupantes. Entenda os riscos de <a href=\"https:\/\/arefrigeracaocwb.com.br\/blog\/fungos-ar-condicionado\/\">fungos no ar condicionado<\/a> e por que a limpeza peri\u00f3dica \u00e9 parte do projeto, n\u00e3o um opcional.<\/p>\n<p>Por isso, o projeto de instala\u00e7\u00e3o comercial em Curitiba precisa considerar desde o in\u00edcio a manuten\u00e7\u00e3o preventiva como parte do ciclo de vida do sistema, n\u00e3o como servi\u00e7o avulso contratado quando algo quebra.<\/p>\n<h2>Quanto custa instalar ar condicionado comercial em Curitiba<\/h2>\n<p>O custo varia de forma significativa conforme o sistema escolhido, a complexidade da instala\u00e7\u00e3o e o porte do ambiente. Para ter uma refer\u00eancia \u00fatil:<\/p>\n<table>\n<thead>\n<tr>\n<th>Sistema<\/th>\n<th>Perfil de uso<\/th>\n<th>Complexidade de instala\u00e7\u00e3o<\/th>\n<\/tr>\n<\/thead>\n<tbody>\n<tr>\n<td>Split hi-wall<\/td>\n<td>Sala at\u00e9 40 m\u00b2, uso moderado<\/td>\n<td>Baixa<\/td>\n<\/tr>\n<tr>\n<td>Multi-split<\/td>\n<td>2 a 5 ambientes integrados<\/td>\n<td>M\u00e9dia<\/td>\n<\/tr>\n<tr>\n<td>VRF<\/td>\n<td>Andares ou zonas m\u00faltiplas<\/td>\n<td>Alta, exige projeto<\/td>\n<\/tr>\n<tr>\n<td>Sistema dutado<\/td>\n<td>Ambientes com forro e exig\u00eancia est\u00e9tica<\/td>\n<td>Alta, exige projeto e obra civil<\/td>\n<\/tr>\n<tr>\n<td>Chiller<\/td>\n<td>Grandes \u00e1reas, uso intensivo<\/td>\n<td>Muito alta, projeto de engenharia<\/td>\n<\/tr>\n<\/tbody>\n<\/table>\n<p>O erro mais frequente na contrata\u00e7\u00e3o \u00e9 comparar or\u00e7amentos sem especifica\u00e7\u00e3o t\u00e9cnica equivalente. Uma proposta que omite o tipo de tubula\u00e7\u00e3o, a bitola do cabeamento el\u00e9trico ou a inclus\u00e3o da ART parece mais barata, mas entrega um sistema incompleto ou fora de norma.<\/p>\n<p>Para entender os componentes que formam o pre\u00e7o de um projeto de climatiza\u00e7\u00e3o, consulte o guia sobre <a href=\"https:\/\/arefrigeracaocwb.com.br\/blog\/manutencao-preventiva-e-corretiva-de-ar-condicionado-em-escritorio-comercial-curitiba\/\">manuten\u00e7\u00e3o preventiva e corretiva de ar condicionado em escrit\u00f3rio comercial em Curitiba<\/a>, que detalha os custos recorrentes ap\u00f3s a instala\u00e7\u00e3o.<\/p>\n<h2>O que exigir da empresa que vai instalar<\/h2>\n<p>Contratar instala\u00e7\u00e3o de ar condicionado comercial \u00e9 uma decis\u00e3o que afeta a opera\u00e7\u00e3o do neg\u00f3cio por 10 a 15 anos. Os crit\u00e9rios que separam uma empresa confi\u00e1vel de uma que apenas instala s\u00e3o:<\/p>\n<ul>\n<li><strong>Projeto t\u00e9cnico documentado:<\/strong> c\u00e1lculo de carga t\u00e9rmica, memorial descritivo e especifica\u00e7\u00e3o de materiais entregues antes da execu\u00e7\u00e3o.<\/li>\n<li><strong>ART emitida por engenheiro:<\/strong> obrigat\u00f3ria para os portes que exigem e recomendada em qualquer instala\u00e7\u00e3o comercial relevante.<\/li>\n<li><strong>Experi\u00eancia no segmento:<\/strong> instala\u00e7\u00f5es em cl\u00ednicas, escrit\u00f3rios, centros comerciais e ind\u00fastrias t\u00eam exig\u00eancias distintas. Pe\u00e7a refer\u00eancias no mesmo tipo de ambiente.<\/li>\n<li><strong>Garantia de execu\u00e7\u00e3o e suporte p\u00f3s-instala\u00e7\u00e3o:<\/strong> empresa s\u00e9ria garante o servi\u00e7o e oferece contrato de manuten\u00e7\u00e3o preventiva.<\/li>\n<li><strong>PMOC incluso:<\/strong> para ambientes obrigados pela legisla\u00e7\u00e3o, o plano deve ser entregue junto com o sistema.<\/li>\n<\/ul>\n<p>A AR Refrigera\u00e7\u00e3o atua em Curitiba com equipe pr\u00f3pria, engenheiro respons\u00e1vel e portf\u00f3lio de clientes em segmentos como sa\u00fade, varejo, escrit\u00f3rios corporativos e ind\u00fastria. Veja os <a href=\"https:\/\/www.arefrigeracaocwb.com.br\/clientes.html\">clientes atendidos pela AR Refrigera\u00e7\u00e3o<\/a> para ter uma refer\u00eancia concreta do porte e tipo de projeto executado.<\/p>\n<div style=\"margin:30px 0;padding:22px 26px;background:#eef4ff;border-radius:12px;text-align:center\">\n<p style=\"margin:0 0 16px;color:#1e293b;font-size:1rem;line-height:1.6\">Se voc\u00ea est\u00e1 prestes a contratar uma instala\u00e7\u00e3o e quer validar a proposta antes de assinar, nossa equipe pode revisar a especifica\u00e7\u00e3o sem compromisso.<\/p>\n<p><button type=\"button\" class=\"CTAPP\" style=\"background:#0a2351;color:#fff;border:none;border-radius:8px;padding:13px 26px;font-weight:700;font-size:1rem;cursor:pointer\">Falar com um especialista<\/button><\/div>\n<h2>Manuten\u00e7\u00e3o come\u00e7a na instala\u00e7\u00e3o, n\u00e3o depois<\/h2>\n<p>Um sistema comercial bem instalado j\u00e1 prev\u00ea os pontos de acesso para manuten\u00e7\u00e3o: drenos com caimento correto, espa\u00e7o para troca de filtros, posicionamento das condensadoras com ventila\u00e7\u00e3o adequada e identifica\u00e7\u00e3o de circuitos el\u00e9tricos. Quando a instala\u00e7\u00e3o ignora esses detalhes, cada manuten\u00e7\u00e3o futura vira uma interven\u00e7\u00e3o de obra.<\/p>\n<p>Em 2026, com o aumento da fiscaliza\u00e7\u00e3o da Vigil\u00e2ncia Sanit\u00e1ria em ambientes de uso coletivo, manter o sistema em conformidade com o PMOC deixou de ser recomenda\u00e7\u00e3o e passou a ser risco operacional real para o neg\u00f3cio. Multas e interdi\u00e7\u00f5es afetam diretamente o funcionamento do estabelecimento.<\/p>\n<p>A instala\u00e7\u00e3o correta \u00e9 o primeiro ato de manuten\u00e7\u00e3o de um sistema de climatiza\u00e7\u00e3o comercial. Tudo que vem depois, a limpeza, a troca de filtros, a recarga de g\u00e1s, fica mais simples e mais barato quando o projeto foi bem feito desde o in\u00edcio.<\/p>\n<h2>Perguntas frequentes<\/h2>\n<details class=\"pp-faq\" open style=\"border:1px solid #e2e8f0;border-radius:8px;margin:0 0 8px;padding:4px 16px\">\n<summary style=\"cursor:pointer;padding:10px 0;font-weight:600\">A instala\u00e7\u00e3o de ar condicionado comercial em Curitiba exige ART?<\/summary>\n<div style=\"padding:2px 0 12px\">Sim, em instala\u00e7\u00f5es comerciais de maior capacidade ou em ambientes sujeitos a alvar\u00e1 de funcionamento, a ART (Anota\u00e7\u00e3o de Responsabilidade T\u00e9cnica) emitida por engenheiro mec\u00e2nico registrado no CREA \u00e9 obrigat\u00f3ria. Mesmo quando n\u00e3o exigida formalmente, a ART protege o contratante e garante que o projeto segue normas t\u00e9cnicas.<\/div>\n<\/details>\n<details class=\"pp-faq\" style=\"border:1px solid #e2e8f0;border-radius:8px;margin:0 0 8px;padding:4px 16px\">\n<summary style=\"cursor:pointer;padding:10px 0;font-weight:600\">Qual sistema de ar condicionado \u00e9 mais indicado para escrit\u00f3rios em Curitiba?<\/summary>\n<div style=\"padding:2px 0 12px\">Depende do porte. Para salas individuais, o split hi-wall ou cassete resolve bem. Para andares com m\u00faltiplas salas, o VRF oferece controle por zona e efici\u00eancia superior. Em escrit\u00f3rios com forro rebaixado e exig\u00eancia est\u00e9tica, o sistema dutado com VRF \u00e9 a escolha mais comum entre projetos executados em Curitiba.<\/div>\n<\/details>\n<details class=\"pp-faq\" style=\"border:1px solid #e2e8f0;border-radius:8px;margin:0 0 8px;padding:4px 16px\">\n<summary style=\"cursor:pointer;padding:10px 0;font-weight:600\">O que \u00e9 PMOC e quando \u00e9 obrigat\u00f3rio?<\/summary>\n<div style=\"padding:2px 0 12px\">PMOC \u00e9 o Plano de Manuten\u00e7\u00e3o, Opera\u00e7\u00e3o e Controle, exigido pela Portaria 3.523\/98 do Minist\u00e9rio da Sa\u00fade para ambientes comerciais com capacidade instalada acima de 5 TR. Ele define as frequ\u00eancias de limpeza, inspe\u00e7\u00e3o e troca de componentes. Ambientes sem PMOC est\u00e3o sujeitos a autua\u00e7\u00f5es da Vigil\u00e2ncia Sanit\u00e1ria.<\/div>\n<\/details>\n<details class=\"pp-faq\" style=\"border:1px solid #e2e8f0;border-radius:8px;margin:0 0 8px;padding:4px 16px\">\n<summary style=\"cursor:pointer;padding:10px 0;font-weight:600\">Quanto tempo leva uma instala\u00e7\u00e3o de ar condicionado comercial?<\/summary>\n<div style=\"padding:2px 0 12px\">Varia conforme o sistema. Um split simples em sala \u00fanica pode ser instalado em um dia. Um projeto VRF para um andar corporativo completo, com tubula\u00e7\u00e3o, el\u00e9trica e comissionamento, leva de 3 a 10 dias \u00fateis dependendo da complexidade. Projetos com chiller ou dutado extenso podem demandar semanas e obra civil integrada.<\/div>\n<\/details>\n<details class=\"pp-faq\" style=\"border:1px solid #e2e8f0;border-radius:8px;margin:0 0 8px;padding:4px 16px\">\n<summary style=\"cursor:pointer;padding:10px 0;font-weight:600\">Como comparar or\u00e7amentos de instala\u00e7\u00e3o de ar condicionado comercial?<\/summary>\n<div style=\"padding:2px 0 12px\">Exija que todos os or\u00e7amentos incluam: especifica\u00e7\u00e3o do sistema e modelo dos equipamentos, tipo e bitola da tubula\u00e7\u00e3o de cobre, cabeamento el\u00e9trico dimensionado, inclus\u00e3o ou n\u00e3o da ART, e se o PMOC est\u00e1 incluso. Or\u00e7amentos sem essa especifica\u00e7\u00e3o n\u00e3o s\u00e3o compar\u00e1veis e costumam esconder custos que aparecem durante a execu\u00e7\u00e3o.<\/div>\n<\/details>\n","protected":false},"excerpt":{"rendered":"<p>Instala\u00e7\u00e3o de ar condicionado comercial em Curitiba com projeto, ART e execu\u00e7\u00e3o especializada. Veja o que exige um ambiente comercial e como evitar erros caros.<\/p>\n","protected":false},"author":2,"featured_media":0,"comment_status":"open","ping_status":"open","sticky":false,"template":"","format":"standard","meta":{"footnotes":""},"categories":[36],"tags":[],"class_list":["post-1254","post","type-post","status-publish","format-standard","hentry","category-instalacao-de-ar-condicionado"],"_links":{"self":[{"href":"https:\/\/arefrigeracaocwb.com.br\/blog\/wp-json\/wp\/v2\/posts\/1254","targetHints":{"allow":["GET"]}}],"collection":[{"href":"https:\/\/arefrigeracaocwb.com.br\/blog\/wp-json\/wp\/v2\/posts"}],"about":[{"href":"https:\/\/arefrigeracaocwb.com.br\/blog\/wp-json\/wp\/v2\/types\/post"}],"author":[{"embeddable":true,"href":"https:\/\/arefrigeracaocwb.com.br\/blog\/wp-json\/wp\/v2\/users\/2"}],"replies":[{"embeddable":true,"href":"https:\/\/arefrigeracaocwb.com.br\/blog\/wp-json\/wp\/v2\/comments?post=1254"}],"version-history":[{"count":0,"href":"https:\/\/arefrigeracaocwb.com.br\/blog\/wp-json\/wp\/v2\/posts\/1254\/revisions"}],"wp:attachment":[{"href":"https:\/\/arefrigeracaocwb.com.br\/blog\/wp-json\/wp\/v2\/media?parent=1254"}],"wp:term":[{"taxonomy":"category","embeddable":true,"href":"https:\/\/arefrigeracaocwb.com.br\/blog\/wp-json\/wp\/v2\/categories?post=1254"},{"taxonomy":"post_tag","embeddable":true,"href":"https:\/\/arefrigeracaocwb.com.br\/blog\/wp-json\/wp\/v2\/tags?post=1254"}],"curies":[{"name":"wp","href":"https:\/\/api.w.org\/{rel}","templated":true}]}}