{"id":1252,"date":"2026-07-27T20:53:21","date_gmt":"2026-07-27T20:53:21","guid":{"rendered":"https:\/\/arefrigeracaocwb.com.br\/blog\/instalacao-de-ar-condicionado-curitiba\/"},"modified":"2026-07-27T20:53:21","modified_gmt":"2026-07-27T20:53:21","slug":"instalacao-de-ar-condicionado-curitiba","status":"publish","type":"post","link":"https:\/\/arefrigeracaocwb.com.br\/blog\/instalacao-de-ar-condicionado-curitiba\/","title":{"rendered":"Instala\u00e7\u00e3o de Ar Condicionado em Curitiba: Guia Completo"},"content":{"rendered":"<h2>O que voc\u00ea precisa saber antes de instalar ar condicionado em Curitiba<\/h2>\n<p>A <strong>instala\u00e7\u00e3o de ar condicionado em Curitiba<\/strong> tem particularidades que muita gente ignora, e o erro aparece na conta de energia ou na falha do equipamento meses depois. Curitiba tem uma das amplitudes t\u00e9rmicas mais altas do Brasil: pode fazer 35\u00b0C em janeiro e -5\u00b0C em julho. Isso significa que o sistema precisa ser dimensionado para os dois extremos, n\u00e3o s\u00f3 para o ver\u00e3o.<\/p>\n<p>Resposta direta para quem est\u00e1 pesquisando agora: uma instala\u00e7\u00e3o bem feita exige dimensionamento correto de BTUs, tubula\u00e7\u00e3o de cobre dentro das normas, circuito el\u00e9trico exclusivo, ART do respons\u00e1vel t\u00e9cnico e, em ambientes comerciais ou industriais, projeto de climatiza\u00e7\u00e3o assinado por engenheiro. Sem esses pontos, o equipamento trabalha fora da faixa ideal e a vida \u00fatil cai pela metade.<\/p>\n<p>Este guia cobre cada etapa do processo: do c\u00e1lculo de BTUs \u00e0 escolha do tipo de sistema, dos erros mais comuns \u00e0s normas que regulam o servi\u00e7o em 2026. Se voc\u00ea est\u00e1 decidindo agora, vai sair daqui com os crit\u00e9rios certos para n\u00e3o errar.<\/p>\n<h2>Tipos de sistema: qual instala\u00e7\u00e3o serve para o seu caso<\/h2>\n<p>A primeira decis\u00e3o \u00e9 o tipo de sistema. Ela define o custo, o prazo de instala\u00e7\u00e3o e a complexidade do projeto. Cada formato tem um cen\u00e1rio ideal e limita\u00e7\u00f5es reais.<\/p>\n<h3>Split Hi-Wall: o mais comum em resid\u00eancias e escrit\u00f3rios<\/h3>\n<p>O <strong>split hi-wall<\/strong> \u00e9 a escolha padr\u00e3o para ambientes de at\u00e9 60 m\u00b2 com uma \u00fanica zona de climatiza\u00e7\u00e3o. A unidade interna fica na parede, a externa do lado de fora, e a liga\u00e7\u00e3o \u00e9 feita por tubula\u00e7\u00e3o de cobre e cabo de comunica\u00e7\u00e3o. A <a href=\"https:\/\/www.arefrigeracaocwb.com.br\/instalacao-ar-condicionado-split-curitiba.html\">instala\u00e7\u00e3o de ar condicionado split em Curitiba<\/a> \u00e9 a mais solicitada pela AR Refrigera\u00e7\u00e3o, especialmente em apartamentos e salas comerciais de pequeno porte.<\/p>\n<p>Ponto de aten\u00e7\u00e3o: a posi\u00e7\u00e3o da unidade externa impacta diretamente a efici\u00eancia. Em Curitiba, a face norte recebe mais sol no inverno e ajuda o ciclo de aquecimento. Instalar a condensadora em local sem ventila\u00e7\u00e3o adequada pode elevar o consumo em at\u00e9 15%, segundo dados do Programa Nacional de Conserva\u00e7\u00e3o de Energia El\u00e9trica (Procel).<\/p>\n<h3>Multi-Split: uma externa, v\u00e1rias internas<\/h3>\n<p>Quando o projeto tem dois ou mais ambientes para climatizar, o <strong>multi-split<\/strong> elimina a necessidade de uma condensadora por c\u00f4modo. Uma \u00fanica unidade externa alimenta at\u00e9 cinco internas, cada uma com controle independente. \u00c9 a solu\u00e7\u00e3o mais comum em apartamentos de m\u00e9dio padr\u00e3o e escrit\u00f3rios com layout aberto dividido em salas.<\/p>\n<p>A limita\u00e7\u00e3o \u00e9 o comprimento m\u00e1ximo de tubula\u00e7\u00e3o entre as unidades: cada fabricante define a dist\u00e2ncia m\u00e1xima (geralmente entre 15 m e 25 m por ramal). Ultrapassar esse limite sem compensa\u00e7\u00e3o de refrigerante compromete a capacidade e a garantia do equipamento.<\/p>\n<h3>VRF\/VRV: para projetos comerciais e corporativos<\/h3>\n<p>O sistema <strong>VRF (Volume de Refrigerante Vari\u00e1vel)<\/strong> \u00e9 a tecnologia de refer\u00eancia para edif\u00edcios corporativos, hot\u00e9is e hospitais. Permite conectar dezenas de unidades internas a uma ou mais condensadoras, com controle individual de temperatura por zona e efici\u00eancia energ\u00e9tica superior aos sistemas convencionais. A <a href=\"https:\/\/www.arefrigeracaocwb.com.br\/instalacao-ar-condicionado-vrf-curitiba.html\">instala\u00e7\u00e3o de ar condicionado VRF em Curitiba<\/a> exige projeto de engenharia, software de dimensionamento do fabricante e equipe certificada, porque o erro de especifica\u00e7\u00e3o em VRF \u00e9 caro e dif\u00edcil de corrigir depois da obra fechada.<\/p>\n<h3>Chiller: climatiza\u00e7\u00e3o centralizada de grande porte<\/h3>\n<p>Para plantas industriais, data centers e grandes edif\u00edcios, o <strong>chiller<\/strong> resfria \u00e1gua que circula por fan-coils distribu\u00eddos no ambiente. \u00c9 o sistema de maior capacidade e tamb\u00e9m o de maior complexidade de instala\u00e7\u00e3o. Exige casa de m\u00e1quinas, tubula\u00e7\u00e3o hidr\u00e1ulica, bombas e automa\u00e7\u00e3o integrada.<\/p>\n<h3>Comparativo r\u00e1pido por cen\u00e1rio<\/h3>\n<table>\n<thead>\n<tr>\n<th>Sistema<\/th>\n<th>Cen\u00e1rio ideal<\/th>\n<th>Capacidade t\u00edpica<\/th>\n<th>Complexidade de instala\u00e7\u00e3o<\/th>\n<\/tr>\n<\/thead>\n<tbody>\n<tr>\n<td>Split Hi-Wall<\/td>\n<td>Resid\u00eancia, sala at\u00e9 60 m\u00b2<\/td>\n<td>9.000 a 36.000 BTUs<\/td>\n<td>Baixa<\/td>\n<\/tr>\n<tr>\n<td>Multi-Split<\/td>\n<td>Apartamento, escrit\u00f3rio multiambiente<\/td>\n<td>At\u00e9 5 zonas<\/td>\n<td>M\u00e9dia<\/td>\n<\/tr>\n<tr>\n<td>VRF\/VRV<\/td>\n<td>Edif\u00edcio corporativo, hotel, hospital<\/td>\n<td>Dezenas de zonas<\/td>\n<td>Alta (projeto obrigat\u00f3rio)<\/td>\n<\/tr>\n<tr>\n<td>Chiller<\/td>\n<td>Ind\u00fastria, data center, grande edif\u00edcio<\/td>\n<td>Centenas de TR<\/td>\n<td>Muito alta<\/td>\n<\/tr>\n<\/tbody>\n<\/table>\n<h2>Como calcular os BTUs certos para Curitiba<\/h2>\n<p>Dimensionar errado \u00e9 o erro mais caro da instala\u00e7\u00e3o. Um equipamento subdimensionado trabalha 100% do tempo sem atingir a temperatura desejada, consome mais energia e quebra antes. Um equipamento superdimensionado liga e desliga em ciclos curtos (curto-ciclagem), n\u00e3o desumidifica o ar e tamb\u00e9m encurta a vida \u00fatil do compressor.<\/p>\n<p>O c\u00e1lculo b\u00e1sico parte de 600 BTUs por metro quadrado, mas esse n\u00famero \u00e9 apenas o ponto de partida. Em Curitiba, os fatores de corre\u00e7\u00e3o mais relevantes s\u00e3o:<\/p>\n<ul>\n<li><strong>Orienta\u00e7\u00e3o solar do ambiente:<\/strong> face norte e oeste recebem mais radia\u00e7\u00e3o; adicione 10% \u00e0 capacidade base.<\/li>\n<li><strong>N\u00famero de ocupantes:<\/strong> cada pessoa adiciona cerca de 600 BTUs \u00e0 carga t\u00e9rmica.<\/li>\n<li><strong>Equipamentos el\u00e9tricos:<\/strong> computadores, servidores e ilumina\u00e7\u00e3o geram calor interno; considere 860 BTUs por kW de equipamento.<\/li>\n<li><strong>P\u00e9-direito acima de 2,8 m:<\/strong> aumente a capacidade proporcionalmente ao volume do ambiente.<\/li>\n<li><strong>Cobertura ou \u00faltimo andar:<\/strong> a laje aquecida pelo sol pode exigir at\u00e9 25% a mais de capacidade.<\/li>\n<\/ul>\n<p>Para um c\u00e1lculo mais preciso antes de comprar o equipamento, veja como <a href=\"https:\/\/arefrigeracaocwb.com.br\/blog\/calcular-btus\/\">calcular os BTUs do ar condicionado<\/a> considerando todos esses fatores. Errar aqui \u00e9 o tipo de problema que s\u00f3 aparece no primeiro ver\u00e3o quente, quando j\u00e1 n\u00e3o d\u00e1 para trocar sem custo.<\/p>\n<h2>Normas que regulam a instala\u00e7\u00e3o de ar condicionado em Curitiba<\/h2>\n<p>A instala\u00e7\u00e3o de ar condicionado no Brasil \u00e9 regulada por normas t\u00e9cnicas e resolu\u00e7\u00f5es que definem desde a qualifica\u00e7\u00e3o do instalador at\u00e9 os procedimentos de manuten\u00e7\u00e3o. Ignorar essas regras gera risco real: multa, invalida\u00e7\u00e3o da garantia do equipamento e, em ambientes comerciais, autua\u00e7\u00e3o da vigil\u00e2ncia sanit\u00e1ria.<\/p>\n<h3>NBR 16.280 e as regras do condom\u00ednio<\/h3>\n<p>A <strong>ABNT NBR 16.280:2015<\/strong> regula reformas em edifica\u00e7\u00f5es e exige que qualquer instala\u00e7\u00e3o que altere a fachada ou a estrutura do edif\u00edcio seja comunicada ao s\u00edndico com projeto e ART (Anota\u00e7\u00e3o de Responsabilidade T\u00e9cnica) antes do in\u00edcio da obra. Em Curitiba, a maioria dos condom\u00ednios verticais exige aprova\u00e7\u00e3o pr\u00e9via e restringe a posi\u00e7\u00e3o da unidade externa para preservar a fachada.<\/p>\n<h3>ART do instalador: quando \u00e9 obrigat\u00f3ria<\/h3>\n<p>A <strong>ART (Anota\u00e7\u00e3o de Responsabilidade T\u00e9cnica)<\/strong>, registrada no CREA, \u00e9 obrigat\u00f3ria para instala\u00e7\u00f5es comerciais e industriais e recomendada para resid\u00eancias. Ela responsabiliza tecnicamente o profissional pelo servi\u00e7o e \u00e9 exigida por seguradoras em caso de sinistro. Instala\u00e7\u00f5es sem ART podem invalidar a garantia do fabricante e a cobertura do seguro predial.<\/p>\n<h3>NR-35 e trabalho em altura<\/h3>\n<p>Quando a instala\u00e7\u00e3o da unidade externa envolve trabalho em altura (acima de 2 metros), a <strong>NR-35 do Minist\u00e9rio do Trabalho e Emprego<\/strong> exige que o profissional tenha treinamento espec\u00edfico e use equipamentos de prote\u00e7\u00e3o individual adequados. Contratar quem n\u00e3o cumpre essa norma transfere a responsabilidade civil ao contratante em caso de acidente.<\/p>\n<h3>PMOC: obrigat\u00f3rio para ambientes coletivos<\/h3>\n<p>O <strong>Plano de Manuten\u00e7\u00e3o, Opera\u00e7\u00e3o e Controle (PMOC)<\/strong>, exigido pela Portaria MS 3.523\/1998 do Minist\u00e9rio da Sa\u00fade, \u00e9 obrigat\u00f3rio para sistemas de ar condicionado central em ambientes de uso coletivo com mais de 60 m\u00b2. Cl\u00ednicas, escrit\u00f3rios, escolas e restaurantes em Curitiba precisam manter o PMOC atualizado e dispon\u00edvel para fiscaliza\u00e7\u00e3o. Entenda em detalhes <a href=\"https:\/\/arefrigeracaocwb.com.br\/blog\/o-que-e-pmoc\/\">o que \u00e9 o PMOC e como ele funciona<\/a> antes de contratar qualquer servi\u00e7o de climatiza\u00e7\u00e3o para o seu neg\u00f3cio.<\/p>\n<h2>Etapas da instala\u00e7\u00e3o: o que acontece do in\u00edcio ao fim<\/h2>\n<p>Saber o que esperar de cada etapa ajuda a identificar quando o instalador est\u00e1 cortando caminho, e atalho em instala\u00e7\u00e3o de ar condicionado quase sempre vira problema depois.<\/p>\n<h3>1. Visita t\u00e9cnica e levantamento<\/h3>\n<p>Antes de qualquer compra, o t\u00e9cnico visita o ambiente para medir o espa\u00e7o, avaliar a carga t\u00e9rmica, verificar a posi\u00e7\u00e3o ideal das unidades, checar a capacidade do quadro el\u00e9trico e identificar o trajeto da tubula\u00e7\u00e3o. Instaladoras que pulam essa etapa e dimensionam por telefone est\u00e3o chutando o projeto.<\/p>\n<h3>2. Dimensionamento e especifica\u00e7\u00e3o do equipamento<\/h3>\n<p>Com os dados da visita, define-se a capacidade em BTUs, o tipo de sistema, a marca e o modelo. Em projetos comerciais, essa etapa inclui memorial descritivo e, dependendo da complexidade, software de simula\u00e7\u00e3o de carga t\u00e9rmica. O dimensionamento correto aqui evita retrabalho caro l\u00e1 na frente.<\/p>\n<h3>3. Infraestrutura el\u00e9trica<\/h3>\n<p>Todo ar condicionado precisa de <strong>circuito el\u00e9trico exclusivo<\/strong> com disjuntor dimensionado para a corrente do equipamento. Ligar o ar condicionado em tomada comum ou em circuito compartilhado \u00e9 causa frequente de queima de compressor e de inc\u00eandio el\u00e9trico. O eletricista respons\u00e1vel deve seguir a ABNT NBR 5.410, que regula instala\u00e7\u00f5es el\u00e9tricas de baixa tens\u00e3o.<\/p>\n<h3>4. Passagem de tubula\u00e7\u00e3o e fixa\u00e7\u00e3o das unidades<\/h3>\n<p>A tubula\u00e7\u00e3o de cobre \u00e9 o caminho do g\u00e1s refrigerante entre as unidades. O di\u00e2metro, a espessura e o isolamento t\u00e9rmico da tubula\u00e7\u00e3o s\u00e3o especificados pelo fabricante e n\u00e3o podem ser substitu\u00eddos por materiais mais baratos sem comprometer a efici\u00eancia. Curvas mal feitas na tubula\u00e7\u00e3o criam pontos de ac\u00famulo de \u00f3leo e reduzem a capacidade do sistema.<\/p>\n<h3>5. V\u00e1cuo, carga de g\u00e1s e comissionamento<\/h3>\n<p>Depois de conectar a tubula\u00e7\u00e3o, o t\u00e9cnico faz o <strong>procedimento de v\u00e1cuo<\/strong> para eliminar ar e umidade do circuito antes de liberar o g\u00e1s refrigerante. Pular o v\u00e1cuo \u00e9 o atalho mais perigoso da instala\u00e7\u00e3o: a umidade no circuito forma \u00e1cido que corr\u00f3i o compressor por dentro, silenciosamente, at\u00e9 a falha total. O comissionamento final verifica press\u00f5es, temperaturas e funcionamento de todos os modos.<\/p>\n<h3>6. Teste e entrega com documenta\u00e7\u00e3o<\/h3>\n<p>A entrega deve incluir: relat\u00f3rio de comissionamento, nota fiscal do equipamento, manual do usu\u00e1rio, registro da ART (quando aplic\u00e1vel) e orienta\u00e7\u00f5es de uso e manuten\u00e7\u00e3o. Guarde tudo: a garantia do fabricante depende de comprova\u00e7\u00e3o de instala\u00e7\u00e3o correta.<\/p>\n<div style=\"margin:30px 0;padding:22px 26px;background:#eef4ff;border-radius:12px;text-align:center\">\n<p style=\"margin:0 0 16px;color:#1e293b;font-size:1rem;line-height:1.6\">Se o seu projeto envolve algum desses pontos cr\u00edticos, vale conversar com um t\u00e9cnico antes de comprar o equipamento e evitar retrabalho.<\/p>\n<p><button type=\"button\" class=\"CTAPP\" style=\"background:#0a2351;color:#fff;border:none;border-radius:8px;padding:13px 26px;font-weight:700;font-size:1rem;cursor:pointer\">Falar com um especialista<\/button><\/div>\n<h2>Erros mais comuns na instala\u00e7\u00e3o e o custo real de cada um<\/h2>\n<p>Cada erro abaixo tem um custo concreto. N\u00e3o \u00e9 exagero: s\u00e3o as causas mais frequentes de chamado t\u00e9cnico e de troca prematura de equipamento que a AR Refrigera\u00e7\u00e3o atende em Curitiba.<\/p>\n<h3>Tubula\u00e7\u00e3o longa demais sem compensa\u00e7\u00e3o de g\u00e1s<\/h3>\n<p>Fabricantes especificam a carga de g\u00e1s para um comprimento padr\u00e3o de tubula\u00e7\u00e3o (geralmente 5 m a 7 m). Para cada metro adicional, \u00e9 necess\u00e1rio adicionar uma quantidade espec\u00edfica de g\u00e1s refrigerante. Instaladores que n\u00e3o fazem essa compensa\u00e7\u00e3o entregam o equipamento subcargado: ele resfria mal, trabalha mais e quebra mais cedo.<\/p>\n<h3>Unidade externa sem espa\u00e7o de ventila\u00e7\u00e3o<\/h3>\n<p>A condensadora precisa de espa\u00e7o livre nas laterais e na sa\u00edda de ar para dissipar calor. Instalada em nicho fechado ou encostada \u00e0 parede, a temperatura de condensa\u00e7\u00e3o sobe, a efici\u00eancia cai e o compressor entra em prote\u00e7\u00e3o t\u00e9rmica com frequ\u00eancia. Em Curitiba, onde o inverno exige o modo aquecimento, esse problema \u00e9 ainda mais cr\u00edtico porque o ciclo reverso depende da troca de calor com o ar externo.<\/p>\n<h3>Dreno mal executado<\/h3>\n<p>O dreno conduz a \u00e1gua condensada da unidade interna para fora do ambiente. Inclina\u00e7\u00e3o insuficiente, entupimento ou conex\u00e3o errada fazem a \u00e1gua vazar pela unidade interna, molhando parede, forro e m\u00f3veis. \u00c9 o defeito mais comum em instala\u00e7\u00f5es baratas e o que gera mais reclama\u00e7\u00e3o p\u00f3s-instala\u00e7\u00e3o.<\/p>\n<h3>Circuito el\u00e9trico compartilhado<\/h3>\n<p>J\u00e1 citado, mas vale refor\u00e7ar: um ar condicionado de 12.000 BTUs puxa em m\u00e9dia 5 A a 6 A em 220 V. Compartilhar esse circuito com outros equipamentos sobrecarrega o fio, aquece a instala\u00e7\u00e3o e pode causar inc\u00eandio. O custo de um circuito exclusivo \u00e9 de R$ 300 a R$ 600 na maioria das instala\u00e7\u00f5es em Curitiba. O custo de um sinistro el\u00e9trico n\u00e3o tem teto.<\/p>\n<h3>Instala\u00e7\u00e3o sem v\u00e1cuo<\/h3>\n<p>J\u00e1 explicado acima, mas o dado concreto ajuda a dimensionar o risco: a umidade no circuito de refrigera\u00e7\u00e3o reage com o \u00f3leo lubrificante e forma \u00e1cido clor\u00eddrico, que corr\u00f3i o compressor internamente. A falha pode levar de 6 meses a 2 anos para aparecer, mas quando aparece, o compressor est\u00e1 destru\u00eddo. Trocar o compressor de um split de 12.000 BTUs custa entre R$ 800 e R$ 1.500 em pe\u00e7a, fora a m\u00e3o de obra.<\/p>\n<h2>Instala\u00e7\u00e3o em apartamentos: regras espec\u00edficas de Curitiba<\/h2>\n<p>Apartamentos t\u00eam restri\u00e7\u00f5es que casas n\u00e3o t\u00eam. Antes de comprar o equipamento, verifique:<\/p>\n<ul>\n<li><strong>Conven\u00e7\u00e3o do condom\u00ednio:<\/strong> define onde a unidade externa pode ser instalada (sacada, shaft, suporte de fachada) e quais marcas ou modelos s\u00e3o permitidos.<\/li>\n<li><strong>Aprova\u00e7\u00e3o do s\u00edndico:<\/strong> obrigat\u00f3ria pela NBR 16.280 quando h\u00e1 altera\u00e7\u00e3o de fachada. Instalar sem aprova\u00e7\u00e3o pode gerar notifica\u00e7\u00e3o e obriga\u00e7\u00e3o de retirada.<\/li>\n<li><strong>Capacidade do shaft:<\/strong> em edif\u00edcios mais antigos, o shaft de passagem de tubula\u00e7\u00e3o pode estar cheio ou ter dimens\u00f5es insuficientes para tubula\u00e7\u00f5es adicionais.<\/li>\n<li><strong>Carga el\u00e9trica do apartamento:<\/strong> o quadro de distribui\u00e7\u00e3o do apartamento precisa suportar a demanda do equipamento; em im\u00f3veis antigos, pode ser necess\u00e1rio upgrade do padr\u00e3o de entrada.<\/li>\n<\/ul>\n<p>Para quem est\u00e1 instalando pela primeira vez em apartamento, h\u00e1 cuidados espec\u00edficos que v\u00e3o al\u00e9m da norma t\u00e9cnica: veja os <a href=\"https:\/\/arefrigeracaocwb.com.br\/blog\/cuidados-instalacao-ar-condicionado-apartamento\/\">cuidados na instala\u00e7\u00e3o de ar condicionado em apartamento<\/a> para n\u00e3o ter problema com o condom\u00ednio nem com a garantia.<\/p>\n<h2>Instala\u00e7\u00e3o comercial e industrial: quando o projeto \u00e9 obrigat\u00f3rio<\/h2>\n<p>Em ambientes comerciais e industriais, a instala\u00e7\u00e3o de ar condicionado deixa de ser um servi\u00e7o simples e passa a ser um <strong>projeto de climatiza\u00e7\u00e3o<\/strong>. A diferen\u00e7a n\u00e3o \u00e9 burocr\u00e1tica: \u00e9 de seguran\u00e7a, efici\u00eancia e conformidade legal.<\/p>\n<p>Ambientes que exigem projeto formal incluem: cl\u00ednicas e consult\u00f3rios (ANVISA RDC 50), hospitais (ABNT NBR 7256), salas de servidores (ASHRAE TC 9.9), restaurantes e cozinhas industriais, e qualquer ambiente com carga t\u00e9rmica acima de 70.000 BTUs. Nesses casos, o projeto define n\u00e3o s\u00f3 a capacidade, mas tamb\u00e9m a distribui\u00e7\u00e3o do ar, a renova\u00e7\u00e3o de ar externo, os filtros adequados e o sistema de controle.<\/p>\n<p>Para empresas que precisam de climatiza\u00e7\u00e3o profissional, o ponto de partida \u00e9 entender as exig\u00eancias espec\u00edficas do seu segmento: veja o guia sobre <a href=\"https:\/\/arefrigeracaocwb.com.br\/blog\/ar-condicionado-para-empresa\/\">ar condicionado para empresa<\/a> com os crit\u00e9rios que valem para cada tipo de neg\u00f3cio em Curitiba.<\/p>\n<h2>Manuten\u00e7\u00e3o ap\u00f3s a instala\u00e7\u00e3o: o que n\u00e3o pode ser ignorado<\/h2>\n<p>A instala\u00e7\u00e3o \u00e9 o come\u00e7o, n\u00e3o o fim. Um ar condicionado sem manuten\u00e7\u00e3o perde at\u00e9 30% da efici\u00eancia em 12 meses, segundo dados do Procel, e come\u00e7a a circular ar com fungos, bact\u00e9rias e \u00e1caros pelo ambiente.<\/p>\n<p>O ciclo m\u00ednimo recomendado para Curitiba:<\/p>\n<ul>\n<li><strong>A cada 3 meses:<\/strong> limpeza dos filtros da unidade interna (pode ser feita pelo usu\u00e1rio).<\/li>\n<li><strong>A cada 6 meses:<\/strong> higieniza\u00e7\u00e3o completa da unidade interna por t\u00e9cnico habilitado, verifica\u00e7\u00e3o do dreno e inspe\u00e7\u00e3o visual da tubula\u00e7\u00e3o.<\/li>\n<li><strong>Anualmente:<\/strong> verifica\u00e7\u00e3o de press\u00e3o do g\u00e1s, inspe\u00e7\u00e3o el\u00e9trica, limpeza da condensadora e revis\u00e3o geral do sistema.<\/li>\n<\/ul>\n<p>Em Curitiba, o inverno frio faz muita gente desligar o ar condicionado por meses. Quando o equipamento fica parado por longo per\u00edodo, o ac\u00famulo de umidade interna favorece o crescimento de fungos. Ligar o aparelho sem limpeza pr\u00e9via ap\u00f3s o inverno distribui esses contaminantes pelo ar do ambiente.<\/p>\n<h2>Como escolher uma empresa de instala\u00e7\u00e3o em Curitiba<\/h2>\n<p>O mercado de instala\u00e7\u00e3o de ar condicionado em Curitiba tem desde t\u00e9cnicos aut\u00f4nomos at\u00e9 empresas com equipe pr\u00f3pria, frota e estrutura de projeto. A escolha certa depende do porte e da complexidade do seu projeto.<\/p>\n<p>Crit\u00e9rios que fazem diferen\u00e7a na pr\u00e1tica:<\/p>\n<ul>\n<li><strong>Registro no CREA\/CFM:<\/strong> obrigat\u00f3rio para empresas que emitem ART. Verifique o registro antes de assinar qualquer contrato.<\/li>\n<li><strong>Certifica\u00e7\u00e3o dos t\u00e9cnicos:<\/strong> o manuseio de gases refrigerantes exige certifica\u00e7\u00e3o espec\u00edfica, regulamentada pela Lei 13.589\/2018 e pela Portaria MMA 345\/2002.<\/li>\n<li><strong>Visita t\u00e9cnica antes do or\u00e7amento:<\/strong> empresa s\u00e9ria n\u00e3o or\u00e7a sem ver o local. Or\u00e7amento por foto ou por telefone \u00e9 sinal de aten\u00e7\u00e3o.<\/li>\n<li><strong>Garantia documentada:<\/strong> pe\u00e7a garantia por escrito, com prazo e cobertura definidos. Garantia verbal n\u00e3o vale nada se o t\u00e9cnico n\u00e3o atender.<\/li>\n<li><strong>Portf\u00f3lio verific\u00e1vel:<\/strong> pe\u00e7a refer\u00eancias de projetos similares ao seu. Em projetos comerciais, pe\u00e7a para ver a ART de obras anteriores.<\/li>\n<\/ul>\n<div style=\"margin:30px 0;padding:22px 26px;background:#eef4ff;border-radius:12px;text-align:center\">\n<p style=\"margin:0 0 16px;color:#1e293b;font-size:1rem;line-height:1.6\">Se voc\u00ea est\u00e1 avaliando empresas para o seu projeto em Curitiba, a AR Refrigera\u00e7\u00e3o faz a visita t\u00e9cnica antes de qualquer or\u00e7amento.<\/p>\n<p><button type=\"button\" class=\"CTAPP\" style=\"background:#0a2351;color:#fff;border:none;border-radius:8px;padding:13px 26px;font-weight:700;font-size:1rem;cursor:pointer\">Solicitar visita t\u00e9cnica<\/button><\/div>\n<h2>Custo de instala\u00e7\u00e3o de ar condicionado em Curitiba em 2026<\/h2>\n<p>O custo varia muito conforme o tipo de sistema, a complexidade da instala\u00e7\u00e3o e a necessidade de infraestrutura el\u00e9trica. Os valores abaixo refletem a realidade do mercado curitibano em 2026 e servem como refer\u00eancia para avaliar or\u00e7amentos.<\/p>\n<table>\n<thead>\n<tr>\n<th>Tipo de instala\u00e7\u00e3o<\/th>\n<th>Faixa de custo (m\u00e3o de obra)<\/th>\n<th>O que est\u00e1 incluso<\/th>\n<\/tr>\n<\/thead>\n<tbody>\n<tr>\n<td>Split Hi-Wall residencial simples<\/td>\n<td>R$ 400 a R$ 700<\/td>\n<td>Fixa\u00e7\u00e3o, tubula\u00e7\u00e3o at\u00e9 5 m, dreno, v\u00e1cuo e carga de g\u00e1s<\/td>\n<\/tr>\n<tr>\n<td>Split Hi-Wall com infraestrutura el\u00e9trica<\/td>\n<td>R$ 700 a R$ 1.200<\/td>\n<td>Acima + circuito exclusivo e disjuntor<\/td>\n<\/tr>\n<tr>\n<td>Multi-Split (2 a 3 zonas)<\/td>\n<td>R$ 1.200 a R$ 2.500<\/td>\n<td>Conforme n\u00famero de internas e metragem de tubula\u00e7\u00e3o<\/td>\n<\/tr>\n<tr>\n<td>VRF\/VRV comercial<\/td>\n<td>A partir de R$ 8.000<\/td>\n<td>Projeto, instala\u00e7\u00e3o, comissionamento e ART<\/td>\n<\/tr>\n<tr>\n<td>Chiller industrial<\/td>\n<td>Sob consulta<\/td>\n<td>Projeto completo, civil, el\u00e9trico e automa\u00e7\u00e3o<\/td>\n<\/tr>\n<\/tbody>\n<\/table>\n<p>Esses valores s\u00e3o de m\u00e3o de obra. O equipamento \u00e9 custo separado e varia conforme marca, capacidade e tecnologia (inverter ou convencional). Para uma refer\u00eancia mais detalhada de pre\u00e7os por tipo de projeto, veja os <a href=\"https:\/\/arefrigeracaocwb.com.br\/blog\/preco-instalacao-ar-curitiba\/\">pre\u00e7os de instala\u00e7\u00e3o de ar condicionado em Curitiba<\/a> com os fatores que mais influenciam o or\u00e7amento final.<\/p>\n<p>Um detalhe que muda o c\u00e1lculo: o ar condicionado inverter custa em m\u00e9dia 20% a 30% a mais na compra, mas consome de 30% a 50% menos energia do que o modelo convencional equivalente, segundo o Inmetro. Em Curitiba, onde o equipamento \u00e9 usado tanto no ver\u00e3o quanto no inverno, o retorno do investimento no inverter costuma ocorrer entre 18 e 30 meses de uso regular.<\/p>\n<h2>Perguntas que todo decisor deve fazer antes de fechar o contrato<\/h2>\n<p>Antes de assinar com qualquer empresa de instala\u00e7\u00e3o em Curitiba, fa\u00e7a estas perguntas e avalie as respostas com aten\u00e7\u00e3o:<\/p>\n<ul>\n<li>Voc\u00eas fazem visita t\u00e9cnica antes do or\u00e7amento?<\/li>\n<li>O t\u00e9cnico que vai instalar tem certifica\u00e7\u00e3o para manuseio de g\u00e1s refrigerante?<\/li>\n<li>A instala\u00e7\u00e3o inclui procedimento de v\u00e1cuo documentado?<\/li>\n<li>Voc\u00eas emitem ART para este servi\u00e7o?<\/li>\n<li>Qual \u00e9 o prazo e a cobertura da garantia por escrito?<\/li>\n<li>O or\u00e7amento inclui a infraestrutura el\u00e9trica ou \u00e9 cobrado \u00e0 parte?<\/li>\n<\/ul>\n<p>Empresa que responde essas perguntas com clareza e documenta\u00e7\u00e3o est\u00e1 fazendo o servi\u00e7o certo. Empresa que tergiversa ou trata essas exig\u00eancias como burocracia desnecess\u00e1ria est\u00e1 cortando exatamente os atalhos que v\u00e3o gerar problema depois.<\/p>\n<h2>Perguntas frequentes<\/h2>\n<details class=\"pp-faq\" open style=\"border:1px solid #e2e8f0;border-radius:8px;margin:0 0 8px;padding:4px 16px\">\n<summary style=\"cursor:pointer;padding:10px 0;font-weight:600\">Qual o prazo m\u00e9dio para instalar um ar condicionado split em Curitiba?<\/summary>\n<div style=\"padding:2px 0 12px\">Uma instala\u00e7\u00e3o de split hi-wall residencial simples leva entre 3 e 6 horas, dependendo da complexidade da passagem de tubula\u00e7\u00e3o e da necessidade de infraestrutura el\u00e9trica. Projetos multi-split ou comerciais podem levar de 1 a 3 dias \u00fateis.<\/div>\n<\/details>\n<details class=\"pp-faq\" style=\"border:1px solid #e2e8f0;border-radius:8px;margin:0 0 8px;padding:4px 16px\">\n<summary style=\"cursor:pointer;padding:10px 0;font-weight:600\">\u00c9 obrigat\u00f3rio ter ART na instala\u00e7\u00e3o de ar condicionado em Curitiba?<\/summary>\n<div style=\"padding:2px 0 12px\">A ART (Anota\u00e7\u00e3o de Responsabilidade T\u00e9cnica) \u00e9 obrigat\u00f3ria para instala\u00e7\u00f5es comerciais e industriais. Para resid\u00eancias, n\u00e3o \u00e9 legalmente exigida, mas \u00e9 fortemente recomendada: seguradoras e fabricantes podem exigi-la em caso de sinistro ou acionamento de garantia.<\/div>\n<\/details>\n<details class=\"pp-faq\" style=\"border:1px solid #e2e8f0;border-radius:8px;margin:0 0 8px;padding:4px 16px\">\n<summary style=\"cursor:pointer;padding:10px 0;font-weight:600\">Posso instalar o ar condicionado sem avisar o condom\u00ednio?<\/summary>\n<div style=\"padding:2px 0 12px\">N\u00e3o. A ABNT NBR 16.280:2015 exige comunica\u00e7\u00e3o pr\u00e9via ao s\u00edndico com projeto e ART quando a instala\u00e7\u00e3o altera a fachada ou a estrutura do edif\u00edcio. Instalar sem aprova\u00e7\u00e3o pode resultar em notifica\u00e7\u00e3o e obriga\u00e7\u00e3o de retirada do equipamento.<\/div>\n<\/details>\n<details class=\"pp-faq\" style=\"border:1px solid #e2e8f0;border-radius:8px;margin:0 0 8px;padding:4px 16px\">\n<summary style=\"cursor:pointer;padding:10px 0;font-weight:600\">Qual a diferen\u00e7a entre ar condicionado inverter e convencional para Curitiba?<\/summary>\n<div style=\"padding:2px 0 12px\">O inverter ajusta a pot\u00eancia do compressor conforme a necessidade do ambiente, consumindo de 30% a 50% menos energia do que o convencional equivalente, segundo o Inmetro. Em Curitiba, onde o equipamento \u00e9 usado no ver\u00e3o e no inverno, o retorno do custo adicional do inverter costuma ocorrer entre 18 e 30 meses de uso regular.<\/div>\n<\/details>\n<details class=\"pp-faq\" style=\"border:1px solid #e2e8f0;border-radius:8px;margin:0 0 8px;padding:4px 16px\">\n<summary style=\"cursor:pointer;padding:10px 0;font-weight:600\">Com que frequ\u00eancia devo fazer manuten\u00e7\u00e3o no ar condicionado em Curitiba?<\/summary>\n<div style=\"padding:2px 0 12px\">O ciclo recomendado \u00e9: limpeza dos filtros a cada 3 meses (pelo usu\u00e1rio), higieniza\u00e7\u00e3o completa por t\u00e9cnico a cada 6 meses e revis\u00e3o geral anual incluindo verifica\u00e7\u00e3o de g\u00e1s, el\u00e9trica e limpeza da condensadora. Ap\u00f3s o inverno, sempre higienize antes de religar o equipamento.<\/div>\n<\/details>\n","protected":false},"excerpt":{"rendered":"<p>Guia completo de instala\u00e7\u00e3o de ar condicionado em Curitiba: tipos, normas, BTUs, custos e como evitar erros que encarecem o projeto. Veja os crit\u00e9rios certos.<\/p>\n","protected":false},"author":2,"featured_media":1253,"comment_status":"open","ping_status":"open","sticky":false,"template":"","format":"standard","meta":{"footnotes":""},"categories":[36],"tags":[],"class_list":["post-1252","post","type-post","status-publish","format-standard","has-post-thumbnail","hentry","category-instalacao-de-ar-condicionado"],"_links":{"self":[{"href":"https:\/\/arefrigeracaocwb.com.br\/blog\/wp-json\/wp\/v2\/posts\/1252","targetHints":{"allow":["GET"]}}],"collection":[{"href":"https:\/\/arefrigeracaocwb.com.br\/blog\/wp-json\/wp\/v2\/posts"}],"about":[{"href":"https:\/\/arefrigeracaocwb.com.br\/blog\/wp-json\/wp\/v2\/types\/post"}],"author":[{"embeddable":true,"href":"https:\/\/arefrigeracaocwb.com.br\/blog\/wp-json\/wp\/v2\/users\/2"}],"replies":[{"embeddable":true,"href":"https:\/\/arefrigeracaocwb.com.br\/blog\/wp-json\/wp\/v2\/comments?post=1252"}],"version-history":[{"count":0,"href":"https:\/\/arefrigeracaocwb.com.br\/blog\/wp-json\/wp\/v2\/posts\/1252\/revisions"}],"wp:featuredmedia":[{"embeddable":true,"href":"https:\/\/arefrigeracaocwb.com.br\/blog\/wp-json\/wp\/v2\/media\/1253"}],"wp:attachment":[{"href":"https:\/\/arefrigeracaocwb.com.br\/blog\/wp-json\/wp\/v2\/media?parent=1252"}],"wp:term":[{"taxonomy":"category","embeddable":true,"href":"https:\/\/arefrigeracaocwb.com.br\/blog\/wp-json\/wp\/v2\/categories?post=1252"},{"taxonomy":"post_tag","embeddable":true,"href":"https:\/\/arefrigeracaocwb.com.br\/blog\/wp-json\/wp\/v2\/tags?post=1252"}],"curies":[{"name":"wp","href":"https:\/\/api.w.org\/{rel}","templated":true}]}}