{"id":1114,"date":"2025-12-03T08:00:00","date_gmt":"2025-12-03T08:00:00","guid":{"rendered":"https:\/\/arefrigeracaocwb.com.br\/blog\/?p=1114"},"modified":"2025-11-28T11:40:35","modified_gmt":"2025-11-28T11:40:35","slug":"por-que-meu-ar-condicionado-parou-de-gelar","status":"publish","type":"post","link":"https:\/\/arefrigeracaocwb.com.br\/blog\/por-que-meu-ar-condicionado-parou-de-gelar\/","title":{"rendered":"Por que meu ar condicionado parou de gelar?"},"content":{"rendered":"\n<p>Voc\u00ea chega em casa ap\u00f3s um longo dia de trabalho, ansioso pelo conforto do seu lar. O calor em Curitiba est\u00e1 at\u00edpico, beirando os 30 graus. Imediatamente, voc\u00ea pega o controle remoto, liga o aparelho, espera alguns minutos e&#8230; nada acontece. Apenas um vento morno circula pelo ambiente. O pensamento imediato \u00e9 frustrante: &#8220;Meu <strong>ar condicionado parou de gelar<\/strong>&#8220;.<\/p>\n\n\n\n<p>Essa cena \u00e9 mais comum do que se imagina, principalmente em resid\u00eancias que pularam as etapas de manuten\u00e7\u00e3o preventiva durante o inverno. No entanto, n\u00e3o h\u00e1 motivo para p\u00e2nico imediato. Muitas vezes, o problema pode ser resolvido com diagn\u00f3sticos simples ou, no pior cen\u00e1rio, com uma visita t\u00e9cnica especializada.<\/p>\n\n\n\n<p>Neste guia completo, a Ar Refrigera\u00e7\u00e3o vai explicar detalhadamente as causas, solu\u00e7\u00f5es e como evitar que esse problema se torne uma frase recorrente na sua rotina.<\/p>\n\n\n\n<h2 class=\"wp-block-heading\">Principais motivos t\u00e9cnicos pelos quais o ar condicionado parou de gelar<\/h2>\n\n\n\n<p>Entender o funcionamento da sua m\u00e1quina \u00e9, primeiramente, o passo inicial para resolver a falha. Um sistema de climatiza\u00e7\u00e3o opera atrav\u00e9s de trocas de calor, e qualquer interrup\u00e7\u00e3o nesse ciclo resulta na perda de efici\u00eancia. Abaixo, listamos os vil\u00f5es mais frequentes.<\/p>\n\n\n\n<h3 class=\"wp-block-heading\">Filtros de ar sujos e obstru\u00eddos<\/h3>\n\n\n\n<p>A causa n\u00famero um de chamados t\u00e9cnicos \u00e9, surpreendentemente, a falta de limpeza b\u00e1sica. Quando os filtros acumulam poeira, pelos de animais e polui\u00e7\u00e3o, o fluxo de ar \u00e9 bloqueado. Consequentemente, a serpentina do evaporador pode congelar, impedindo a troca t\u00e9rmica.<\/p>\n\n\n\n<p>Dessa forma, se voc\u00ea percebeu que o <strong>ar condicionado parou de gelar<\/strong>, a primeira verifica\u00e7\u00e3o deve ser sempre os filtros. Al\u00e9m de impedir a refrigera\u00e7\u00e3o, filtros sujos for\u00e7am o motor a trabalhar mais, aumentando drasticamente sua conta de energia el\u00e9trica.<\/p>\n\n\n\n<h3 class=\"wp-block-heading\">Vazamento de g\u00e1s refrigerante<\/h3>\n\n\n\n<p>Diferente do que muitos pensam, o g\u00e1s do ar condicionado n\u00e3o &#8220;acaba&#8221; com o tempo, pois ele circula em um sistema fechado. Portanto, se o n\u00edvel est\u00e1 baixo, h\u00e1 um vazamento. Sem a quantidade adequada de fluido refrigerante, o sistema perde a capacidade de absorver o calor do ambiente interno.<\/p>\n\n\n\n<p>Detectar vazamentos exige ferramentas espec\u00edficas, como man\u00f4metros digitais. Se o seu <strong>ar condicionado parou de gelar<\/strong> e voc\u00ea ouve um leve chiado vindo da unidade ou nota manchas de \u00f3leo nas conex\u00f5es, \u00e9 prov\u00e1vel que o g\u00e1s tenha escapado. Tentar repor o g\u00e1s sem fechar o vazamento \u00e9 jogar dinheiro fora, pois o problema voltar\u00e1 a acontecer em poucos dias.<\/p>\n\n\n\n<h3 class=\"wp-block-heading\">Problemas no capacitor ou compressor<\/h3>\n\n\n\n<p>O compressor \u00e9 o cora\u00e7\u00e3o do seu ar condicionado. \u00c9 ele quem bombeia o g\u00e1s refrigerante pelo sistema. Todavia, se o compressor n\u00e3o parte (n\u00e3o liga), a refrigera\u00e7\u00e3o n\u00e3o acontece. Muitas vezes, o culpado n\u00e3o \u00e9 o compressor em si, mas o capacitor \u2014 uma pe\u00e7a el\u00e9trica respons\u00e1vel por dar a partida no motor.<\/p>\n\n\n\n<p>Quando o capacitor queima devido a oscila\u00e7\u00f5es de energia, comuns em tempestades de ver\u00e3o, o <strong>ar condicionado parou de gelar<\/strong> instantaneamente, restando apenas a fun\u00e7\u00e3o de ventila\u00e7\u00e3o.<\/p>\n\n\n\n<p>N\u00e3o deixe o calor tirar o seu conforto. Se voc\u00ea j\u00e1 identificou algum desses sinais, a equipe da Ar Refrigera\u00e7\u00e3o est\u00e1 pronta para ajudar. <a target=\"_blank\" rel=\"noreferrer noopener\" href=\"https:\/\/www.arefrigeracaocwb.com.br\/\">Conhe\u00e7a nossos servi\u00e7os e agende uma visita t\u00e9cnica aqui<\/a>.<\/p>\n\n\n\n<h2 class=\"wp-block-heading\">O que fazer quando o ar condicionado parou de gelar? Passos Pr\u00e1ticos<\/h2>\n\n\n\n<p>Agora que exploramos as causas, vamos focar na solu\u00e7\u00e3o. Antes de chamar um t\u00e9cnico, existem verifica\u00e7\u00f5es seguras que voc\u00ea pode fazer. Contudo, lembre-se: mexer na parte el\u00e9trica ou na unidade externa (condensadora) exige certifica\u00e7\u00e3o t\u00e9cnica.<\/p>\n\n\n\n<h4 class=\"wp-block-heading\">Verifique o controle remoto e as configura\u00e7\u00f5es<\/h4>\n\n\n\n<p>Parece \u00f3bvio, mas muitas vezes o aparelho est\u00e1 configurado no modo errado. Certifique-se de que o controle est\u00e1 no modo &#8220;Cool&#8221; (geralmente indicado por um floco de neve) e que a temperatura selecionada est\u00e1 abaixo da temperatura ambiente atual. Por outro lado, se o termostato estiver configurado incorretamente, o sistema entender\u00e1 que n\u00e3o precisa refrigerar, e voc\u00ea ficar\u00e1 se perguntando por que o <strong>ar condicionado parou de gelar<\/strong>.<\/p>\n\n\n\n<h4 class=\"wp-block-heading\">A import\u00e2ncia da Limpeza Profunda (Higieniza\u00e7\u00e3o)<\/h4>\n\n\n\n<p>Passar um pano e lavar o filtro de nylon \u00e9 essencial, mas n\u00e3o \u00e9 suficiente a longo prazo. A sujeira se acumula dentro da turbina e nas aletas de alum\u00ednio da evaporadora. Essa &#8220;crosta&#8221; de sujeira atua como um isolante t\u00e9rmico.<\/p>\n\n\n\n<p>Para resolver isso, \u00e9 necess\u00e1ria uma higieniza\u00e7\u00e3o qu\u00edmica, onde desmontamos a carenagem e aplicamos produtos bactericidas e desengordurantes. Frequentemente, ap\u00f3s uma limpeza profissional, o cliente que reclamava que o <strong>ar condicionado parou de gelar<\/strong> descobre que o aparelho volta a funcionar como novo, sem precisar trocar pe\u00e7as.<\/p>\n\n\n\n<p>Para entender mais sobre a import\u00e2ncia da qualidade do ar interior e como a manuten\u00e7\u00e3o afeta sua sa\u00fade, recomendamos a leitura das normas da <a target=\"_blank\" rel=\"noreferrer noopener\" href=\"https:\/\/abrava.com.br\/\">ABRAVA (Associa\u00e7\u00e3o Brasileira de Refrigera\u00e7\u00e3o)<\/a>. Manter o sistema limpo \u00e9 uma quest\u00e3o de sa\u00fade p\u00fablica, al\u00e9m de conforto t\u00e9rmico.<\/p>\n\n\n\n<h4 class=\"wp-block-heading\">Falhas na Placa Eletr\u00f4nica<\/h4>\n\n\n\n<p>Em modelos Inverter, que possuem tecnologia mais avan\u00e7ada para economia de energia, a placa eletr\u00f4nica \u00e9 o c\u00e9rebro da opera\u00e7\u00e3o. Falhas de comunica\u00e7\u00e3o entre a unidade interna e externa podem fazer com que o sistema desligue o compressor por seguran\u00e7a.<\/p>\n\n\n\n<p>Nesse caso, o aparelho costuma apresentar um c\u00f3digo de erro no display (piscando luzes ou mostrando n\u00fameros como E1, E4, etc.). Se o seu <strong>ar condicionado parou de gelar<\/strong> e exibe um c\u00f3digo estranho, anote-o e informe ao t\u00e9cnico. Isso agiliza muito o diagn\u00f3stico.<\/p>\n\n\n\n<p>Para detalhes t\u00e9cnicos sobre c\u00f3digos de erro de diversas marcas, sites de fabricantes oferecem manuais de suporte que podem ajudar a identificar a gravidade do problema antes da visita t\u00e9cnica.<\/p>\n\n\n\n<h4 class=\"wp-block-heading\">Quando o problema \u00e9 a instala\u00e7\u00e3o incorreta<\/h4>\n\n\n\n<p>Se o aparelho \u00e9 novo e, mesmo assim, o <strong>ar condicionado parou de gelar<\/strong> logo nos primeiros meses, a falha pode estar na instala\u00e7\u00e3o. Tubula\u00e7\u00f5es dobradas (estranguladas), falta de v\u00e1cuo no sistema ou dimensionamento errado (BTUs insuficientes para o tamanho da sala) s\u00e3o causas cl\u00e1ssicas.<\/p>\n\n\n\n<p>Por isso, na Ar Refrigera\u00e7\u00e3o, seguimos rigorosamente os manuais dos fabricantes. Uma instala\u00e7\u00e3o mal feita condena a vida \u00fatil do equipamento e resulta na frustra\u00e7\u00e3o de perceber que, no dia mais quente, o <strong>ar condicionado parou de gelar<\/strong>.<\/p>\n\n\n\n<figure class=\"wp-block-image size-large\"><img decoding=\"async\" src=\"https:\/\/ppasso.com\/blog\/wp-content\/uploads\/2025\/11\/BLOG-AR-REFRIGERACAO-1024x576.webp\" alt=\"ar condicionado parou de gelar\" class=\"wp-image-5346\"\/><\/figure>\n\n\n\n<h3 class=\"wp-block-heading\">Perguntas Frequentes sobre ar condicionado parou de gelar<\/h3>\n\n\n\n<p>Abaixo, respondemos de forma direta \u00e0s d\u00favidas mais comuns que recebemos em nosso atendimento em Curitiba.<\/p>\n\n\n\n<h4 class=\"wp-block-heading\">Por que o ar condicionado liga mas n\u00e3o gela e s\u00f3 ventila?<\/h4>\n\n\n\n<p>Geralmente, isso indica que o compressor (unidade externa) n\u00e3o est\u00e1 armando. As causas mais prov\u00e1veis s\u00e3o um capacitor queimado, vazamento total de g\u00e1s refrigerante ou sujeira excessiva nos filtros, que bloqueia a troca de calor e congela o sistema. Verifique se o modo &#8220;Cool&#8221; est\u00e1 ativado no controle.<\/p>\n\n\n\n<h4 class=\"wp-block-heading\">Como saber se o ar condicionado est\u00e1 sem g\u00e1s?<\/h4>\n\n\n\n<p>Os sinais claros incluem a perda gradual de efici\u00eancia na refrigera\u00e7\u00e3o e o congelamento da tubula\u00e7\u00e3o de cobre na unidade externa. Al\u00e9m disso, o aparelho n\u00e3o gela mesmo em temperatura m\u00ednima. O g\u00e1s n\u00e3o acaba sozinho; se faltou, existe um vazamento que precisa ser localizado e soldado por um t\u00e9cnico.<\/p>\n\n\n\n<h4 class=\"wp-block-heading\">Quanto custa para consertar um ar condicionado que parou de gelar?<\/h4>\n\n\n\n<p>O valor varia conforme o diagn\u00f3stico. Uma limpeza qu\u00edmica simples custa entre R$ 200 e R$ 400. J\u00e1 a recarga de g\u00e1s ou troca de capacitor pode variar de R$ 350 a R$ 600, dependendo da capacidade (BTUs) e do modelo do aparelho. \u00c9 essencial um or\u00e7amento presencial para exatid\u00e3o.<\/p>\n\n\n\n<h2 class=\"wp-block-heading\">Garanta o conforto t\u00e9rmico da sua fam\u00edlia hoje mesmo<\/h2>\n\n\n\n<p>Manter o conforto t\u00e9rmico da sua casa \u00e9 essencial para o bem-estar da sua fam\u00edlia. Como vimos, quando o <strong>ar condicionado parou de gelar<\/strong>, as causas podem variar desde um simples filtro sujo at\u00e9 problemas el\u00e9tricos complexos no compressor.<\/p>\n\n\n\n<p>A chave para evitar dores de cabe\u00e7a \u00e9 a preven\u00e7\u00e3o. Portanto, n\u00e3o espere o ver\u00e3o chegar para ligar o aparelho. Teste-o periodicamente e mantenha a limpeza em dia. Se, mesmo ap\u00f3s as verifica\u00e7\u00f5es b\u00e1sicas, o <strong>ar condicionado parou de gelar<\/strong>, n\u00e3o tente consertos caseiros que podem agravar o dano.<\/p>\n\n\n\n<p>A Ar Refrigera\u00e7\u00e3o \u00e9 especialista em trazer o clima ideal de volta para o seu lar em Curitiba. Conte com nossa transpar\u00eancia, t\u00e9cnica e agilidade. Precisa de um diagn\u00f3stico r\u00e1pido e honesto? <a target=\"_blank\" rel=\"noreferrer noopener\" href=\"https:\/\/www.arefrigeracaocwb.com.br\/#contato\">Fale agora com nosso especialista pelo WhatsApp e agende sua visita clicando aqui<\/a>.<\/p>\n\n\n\n<p><\/p>\n","protected":false},"excerpt":{"rendered":"<p>Voc\u00ea chega em casa ap\u00f3s um longo dia de trabalho, ansioso pelo conforto do seu lar. O calor em Curitiba est\u00e1 at\u00edpico, beirando os 30 graus. Imediatamente, voc\u00ea pega o controle remoto, liga o aparelho, espera alguns minutos e&#8230; nada acontece. Apenas um vento morno circula pelo ambiente. O pensamento imediato \u00e9 frustrante: &#8220;Meu ar condicionado parou de gelar&#8220;. Essa cena \u00e9 mais comum do que se imagina, principalmente em resid\u00eancias que pularam as etapas de manuten\u00e7\u00e3o preventiva durante o inverno. No entanto, n\u00e3o h\u00e1 motivo para p\u00e2nico imediato. Muitas vezes, o problema pode ser resolvido com diagn\u00f3sticos simples ou, no pior cen\u00e1rio, com uma visita t\u00e9cnica especializada. Neste guia completo, a Ar Refrigera\u00e7\u00e3o vai explicar detalhadamente as causas, solu\u00e7\u00f5es e como evitar que esse problema se torne uma frase recorrente na sua rotina. Principais motivos t\u00e9cnicos pelos quais o ar condicionado parou de gelar Entender o funcionamento da sua m\u00e1quina \u00e9, primeiramente, o passo inicial para resolver a falha. Um sistema de climatiza\u00e7\u00e3o opera atrav\u00e9s de trocas de calor, e qualquer interrup\u00e7\u00e3o nesse ciclo resulta na perda de efici\u00eancia. Abaixo, listamos os vil\u00f5es mais frequentes. Filtros de ar sujos e obstru\u00eddos A causa n\u00famero um de chamados t\u00e9cnicos \u00e9, surpreendentemente, a falta de limpeza b\u00e1sica. Quando os filtros acumulam poeira, pelos de animais e polui\u00e7\u00e3o, o fluxo de ar \u00e9 bloqueado. Consequentemente, a serpentina do evaporador pode congelar, impedindo a troca t\u00e9rmica. Dessa forma, se voc\u00ea percebeu que o ar condicionado parou de gelar, a primeira verifica\u00e7\u00e3o deve ser sempre os filtros. Al\u00e9m de impedir a refrigera\u00e7\u00e3o, filtros sujos for\u00e7am o motor a trabalhar mais, aumentando drasticamente sua conta de energia el\u00e9trica. Vazamento de g\u00e1s refrigerante Diferente do que muitos pensam, o g\u00e1s do ar condicionado n\u00e3o &#8220;acaba&#8221; com o tempo, pois ele circula em um sistema fechado. Portanto, se o n\u00edvel est\u00e1 baixo, h\u00e1 um vazamento. Sem a quantidade adequada de fluido refrigerante, o sistema perde a capacidade de absorver o calor do ambiente interno. Detectar vazamentos exige ferramentas espec\u00edficas, como man\u00f4metros digitais. Se o seu ar condicionado parou de gelar e voc\u00ea ouve um leve chiado vindo da unidade ou nota manchas de \u00f3leo nas conex\u00f5es, \u00e9 prov\u00e1vel que o g\u00e1s tenha escapado. Tentar repor o g\u00e1s sem fechar o vazamento \u00e9 jogar dinheiro fora, pois o problema voltar\u00e1 a acontecer em poucos dias. Problemas no capacitor ou compressor O compressor \u00e9 o cora\u00e7\u00e3o do seu ar condicionado. \u00c9 ele quem bombeia o g\u00e1s refrigerante pelo sistema. Todavia, se o compressor n\u00e3o parte (n\u00e3o liga), a refrigera\u00e7\u00e3o n\u00e3o acontece. Muitas vezes, o culpado n\u00e3o \u00e9 o compressor em si, mas o capacitor \u2014 uma pe\u00e7a el\u00e9trica respons\u00e1vel por dar a partida no motor. Quando o capacitor queima devido a oscila\u00e7\u00f5es de energia, comuns em tempestades de ver\u00e3o, o ar condicionado parou de gelar instantaneamente, restando apenas a fun\u00e7\u00e3o de ventila\u00e7\u00e3o. N\u00e3o deixe o calor tirar o seu conforto. Se voc\u00ea j\u00e1 identificou algum desses sinais, a equipe da Ar Refrigera\u00e7\u00e3o est\u00e1 pronta para ajudar. Conhe\u00e7a nossos servi\u00e7os e agende uma visita t\u00e9cnica aqui. O que fazer quando o ar condicionado parou de gelar? Passos Pr\u00e1ticos Agora que exploramos as causas, vamos focar na solu\u00e7\u00e3o. Antes de chamar um t\u00e9cnico, existem verifica\u00e7\u00f5es seguras que voc\u00ea pode fazer. Contudo, lembre-se: mexer na parte el\u00e9trica ou na unidade externa (condensadora) exige certifica\u00e7\u00e3o t\u00e9cnica. Verifique o controle remoto e as configura\u00e7\u00f5es Parece \u00f3bvio, mas muitas vezes o aparelho est\u00e1 configurado no modo errado. Certifique-se de que o controle est\u00e1 no modo &#8220;Cool&#8221; (geralmente indicado por um floco de neve) e que a temperatura selecionada est\u00e1 abaixo da temperatura ambiente atual. Por outro lado, se o termostato estiver configurado incorretamente, o sistema entender\u00e1 que n\u00e3o precisa refrigerar, e voc\u00ea ficar\u00e1 se perguntando por que o ar condicionado parou de gelar. A import\u00e2ncia da Limpeza Profunda (Higieniza\u00e7\u00e3o) Passar um pano e lavar o filtro de nylon \u00e9 essencial, mas n\u00e3o \u00e9 suficiente a longo prazo. A sujeira se acumula dentro da turbina e nas aletas de alum\u00ednio da evaporadora. Essa &#8220;crosta&#8221; de sujeira atua como um isolante t\u00e9rmico. Para resolver isso, \u00e9 necess\u00e1ria uma higieniza\u00e7\u00e3o qu\u00edmica, onde desmontamos a carenagem e aplicamos produtos bactericidas e desengordurantes. Frequentemente, ap\u00f3s uma limpeza profissional, o cliente que reclamava que o ar condicionado parou de gelar descobre que o aparelho volta a funcionar como novo, sem precisar trocar pe\u00e7as. Para entender mais sobre a import\u00e2ncia da qualidade do ar interior e como a manuten\u00e7\u00e3o afeta sua sa\u00fade, recomendamos a leitura das normas da ABRAVA (Associa\u00e7\u00e3o Brasileira de Refrigera\u00e7\u00e3o). Manter o sistema limpo \u00e9 uma quest\u00e3o de sa\u00fade p\u00fablica, al\u00e9m de conforto t\u00e9rmico. Falhas na Placa Eletr\u00f4nica Em modelos Inverter, que possuem tecnologia mais avan\u00e7ada para economia de energia, a placa eletr\u00f4nica \u00e9 o c\u00e9rebro da opera\u00e7\u00e3o. Falhas de comunica\u00e7\u00e3o entre a unidade interna e externa podem fazer com que o sistema desligue o compressor por seguran\u00e7a. Nesse caso, o aparelho costuma apresentar um c\u00f3digo de erro no display (piscando luzes ou mostrando n\u00fameros como E1, E4, etc.). Se o seu ar condicionado parou de gelar e exibe um c\u00f3digo estranho, anote-o e informe ao t\u00e9cnico. Isso agiliza muito o diagn\u00f3stico. Para detalhes t\u00e9cnicos sobre c\u00f3digos de erro de diversas marcas, sites de fabricantes oferecem manuais de suporte que podem ajudar a identificar a gravidade do problema antes da visita t\u00e9cnica. Quando o problema \u00e9 a instala\u00e7\u00e3o incorreta Se o aparelho \u00e9 novo e, mesmo assim, o ar condicionado parou de gelar logo nos primeiros meses, a falha pode estar na instala\u00e7\u00e3o. Tubula\u00e7\u00f5es dobradas (estranguladas), falta de v\u00e1cuo no sistema ou dimensionamento errado (BTUs insuficientes para o tamanho da sala) s\u00e3o causas cl\u00e1ssicas. Por isso, na Ar Refrigera\u00e7\u00e3o, seguimos rigorosamente os manuais dos fabricantes. Uma instala\u00e7\u00e3o mal feita condena a vida \u00fatil do equipamento e resulta na frustra\u00e7\u00e3o de perceber que, no dia mais quente, o ar condicionado parou de gelar. Perguntas Frequentes sobre ar condicionado parou de gelar Abaixo, respondemos de forma direta \u00e0s d\u00favidas mais comuns que recebemos em nosso atendimento em Curitiba. Por que<\/p>\n","protected":false},"author":1,"featured_media":1115,"comment_status":"open","ping_status":"open","sticky":false,"template":"","format":"standard","meta":{"footnotes":""},"categories":[1],"tags":[],"class_list":["post-1114","post","type-post","status-publish","format-standard","has-post-thumbnail","hentry","category-blog"],"_links":{"self":[{"href":"https:\/\/arefrigeracaocwb.com.br\/blog\/wp-json\/wp\/v2\/posts\/1114","targetHints":{"allow":["GET"]}}],"collection":[{"href":"https:\/\/arefrigeracaocwb.com.br\/blog\/wp-json\/wp\/v2\/posts"}],"about":[{"href":"https:\/\/arefrigeracaocwb.com.br\/blog\/wp-json\/wp\/v2\/types\/post"}],"author":[{"embeddable":true,"href":"https:\/\/arefrigeracaocwb.com.br\/blog\/wp-json\/wp\/v2\/users\/1"}],"replies":[{"embeddable":true,"href":"https:\/\/arefrigeracaocwb.com.br\/blog\/wp-json\/wp\/v2\/comments?post=1114"}],"version-history":[{"count":1,"href":"https:\/\/arefrigeracaocwb.com.br\/blog\/wp-json\/wp\/v2\/posts\/1114\/revisions"}],"predecessor-version":[{"id":1116,"href":"https:\/\/arefrigeracaocwb.com.br\/blog\/wp-json\/wp\/v2\/posts\/1114\/revisions\/1116"}],"wp:featuredmedia":[{"embeddable":true,"href":"https:\/\/arefrigeracaocwb.com.br\/blog\/wp-json\/wp\/v2\/media\/1115"}],"wp:attachment":[{"href":"https:\/\/arefrigeracaocwb.com.br\/blog\/wp-json\/wp\/v2\/media?parent=1114"}],"wp:term":[{"taxonomy":"category","embeddable":true,"href":"https:\/\/arefrigeracaocwb.com.br\/blog\/wp-json\/wp\/v2\/categories?post=1114"},{"taxonomy":"post_tag","embeddable":true,"href":"https:\/\/arefrigeracaocwb.com.br\/blog\/wp-json\/wp\/v2\/tags?post=1114"}],"curies":[{"name":"wp","href":"https:\/\/api.w.org\/{rel}","templated":true}]}}