{"id":1073,"date":"2025-11-11T12:47:31","date_gmt":"2025-11-11T12:47:31","guid":{"rendered":"https:\/\/arefrigeracaocwb.com.br\/blog\/?p=1073"},"modified":"2025-11-11T12:59:08","modified_gmt":"2025-11-11T12:59:08","slug":"instalacao-de-ar-condicionado-comercial","status":"publish","type":"post","link":"https:\/\/arefrigeracaocwb.com.br\/blog\/instalacao-de-ar-condicionado-comercial\/","title":{"rendered":"Instala\u00e7\u00e3o de ar condicionado comercial em Curitiba"},"content":{"rendered":"\t\t<div data-elementor-type=\"wp-post\" data-elementor-id=\"1073\" class=\"elementor elementor-1073\">\n\t\t\t\t<div class=\"elementor-element elementor-element-285deed e-flex e-con-boxed wpr-particle-no wpr-jarallax-no wpr-parallax-no wpr-sticky-section-no wpr-column-slider-no wpr-equal-height-no e-con e-parent\" data-id=\"285deed\" data-element_type=\"container\" data-e-type=\"container\">\n\t\t\t\t\t<div class=\"e-con-inner\">\n\t\t\t\t<div class=\"elementor-element elementor-element-a2bf59e elementor-widget elementor-widget-text-editor\" data-id=\"a2bf59e\" data-element_type=\"widget\" data-e-type=\"widget\" data-widget_type=\"text-editor.default\">\n\t\t\t\t\t\t\t\t\t<p>A AR Refrigera\u00e7\u00e3o concluiu com sucesso a instala\u00e7\u00e3o de um sistema de ar condicionado central de alta efici\u00eancia para uma das <strong>ag\u00eancias do Bradesco em Curitiba (PR). <\/strong><\/p><p>O projeto envolveu a ativa\u00e7\u00e3o e configura\u00e7\u00e3o de um moderno sistema VRF Midea, garantindo climatiza\u00e7\u00e3o precisa, performance superior e m\u00e1xima efici\u00eancia energ\u00e9tica para o ambiente corporativo.<\/p><p>Este projeto refor\u00e7a nossa especialidade em solu\u00e7\u00f5es de ar condicionado comercial em Curitiba, atendendo clientes de grande porte com tecnologia de ponta.<\/p><p><strong>Detalhes do Projeto<\/strong><br \/><strong>Tipo de Estabelecimento:<\/strong> Ag\u00eancia banc\u00e1ria (Bradesco)<\/p><p><strong>Tipo de Equipamento Instalado:<\/strong> Sistema de climatiza\u00e7\u00e3o VRF (Variable Refrigerant Flow) Midea.<\/p><p>Este sistema \u00e9 ideal para edif\u00edcios comerciais que exigem controle de temperatura individualizado por zonas (como salas de reuni\u00e3o, caixas e ger\u00eancia) e buscam o m\u00e1ximo em efici\u00eancia energ\u00e9tica e baixo ru\u00eddo.<\/p><p>Servi\u00e7o Realizado: Start Up (Comissionamento) e Ativa\u00e7\u00e3o do Sistema VRF.<\/p><p>O servi\u00e7o incluiu a verifica\u00e7\u00e3o de toda a instala\u00e7\u00e3o, testes de estanqueidade, v\u00e1cuo no sistema, configura\u00e7\u00e3o de par\u00e2metros t\u00e9cnicos, endere\u00e7amento de unidades internas e testes de performance para garantir que todo o sistema opere conforme as especifica\u00e7\u00f5es do fabricante (Midea) e as necessidades do cliente (Bradesco).<\/p><p><strong>Localiza\u00e7\u00e3o:<\/strong> Curitiba &#8211; Paran\u00e1<\/p><p><strong>Materiais de Instala\u00e7\u00e3o Inclusos:<\/strong> O Start Up validou o uso de tubula\u00e7\u00f5es de cobre, isolamento t\u00e9rmico, drenos, cabos de comunica\u00e7\u00e3o (protocolo) e el\u00e9tricos, e acabamento de alto padr\u00e3o, assegurando a durabilidade e seguran\u00e7a de toda a instala\u00e7\u00e3o de ar condicionado.<\/p><p><strong>Garantia:<\/strong> A AR Refrigera\u00e7\u00e3o oferece 12 meses de garantia no Start Up e comissionamento, al\u00e9m da garantia de f\u00e1brica dos equipamentos Midea.<\/p><p><strong>Resultado do Projeto:<\/strong> O sistema VRF foi entregue em pleno funcionamento, proporcionando um ambiente climatizado de forma silenciosa, eficiente e com controle total. O projeto foi conclu\u00eddo dentro do prazo, garantindo a satisfa\u00e7\u00e3o do cliente e o conforto de colaboradores e usu\u00e1rios da ag\u00eancia banc\u00e1ria.<\/p>\t\t\t\t\t\t\t\t<\/div>\n\t\t\t\t<div class=\"elementor-element elementor-element-e900a5d elementor-arrows-position-inside elementor-pagination-position-outside elementor-widget elementor-widget-image-carousel\" data-id=\"e900a5d\" data-element_type=\"widget\" data-e-type=\"widget\" data-settings=\"{&quot;slides_to_show&quot;:&quot;1&quot;,&quot;navigation&quot;:&quot;both&quot;,&quot;autoplay&quot;:&quot;yes&quot;,&quot;pause_on_hover&quot;:&quot;yes&quot;,&quot;pause_on_interaction&quot;:&quot;yes&quot;,&quot;autoplay_speed&quot;:5000,&quot;infinite&quot;:&quot;yes&quot;,&quot;effect&quot;:&quot;slide&quot;,&quot;speed&quot;:500}\" data-widget_type=\"image-carousel.default\">\n\t\t\t\t\t\t\t<div class=\"elementor-image-carousel-wrapper swiper\" role=\"region\" aria-roledescription=\"carousel\" aria-label=\"Carrossel de imagens\" dir=\"ltr\">\n\t\t\t<div class=\"elementor-image-carousel swiper-wrapper\" aria-live=\"off\">\n\t\t\t\t\t\t\t\t<div class=\"swiper-slide\" role=\"group\" aria-roledescription=\"slide\" aria-label=\"1 de 4\"><figure class=\"swiper-slide-inner\"><img decoding=\"async\" class=\"swiper-slide-image\" src=\"https:\/\/arefrigeracaocwb.com.br\/blog\/wp-content\/uploads\/2025\/11\/Imagem-do-WhatsApp-de-2025-10-10-as-13.06.03_581366e5.jpg\" alt=\"instala\u00e7\u00e3o de ar condicionado\" \/><\/figure><\/div><div class=\"swiper-slide\" role=\"group\" aria-roledescription=\"slide\" aria-label=\"2 de 4\"><figure class=\"swiper-slide-inner\"><img decoding=\"async\" class=\"swiper-slide-image\" src=\"https:\/\/arefrigeracaocwb.com.br\/blog\/wp-content\/uploads\/2025\/11\/Imagem-do-WhatsApp-de-2025-10-10-as-13.06.00_5d91bf55.jpg\" alt=\"instala\u00e7\u00e3o de ar condicionado\" \/><\/figure><\/div><div class=\"swiper-slide\" role=\"group\" aria-roledescription=\"slide\" aria-label=\"3 de 4\"><figure class=\"swiper-slide-inner\"><img decoding=\"async\" class=\"swiper-slide-image\" src=\"https:\/\/arefrigeracaocwb.com.br\/blog\/wp-content\/uploads\/2025\/11\/Imagem-do-WhatsApp-de-2025-10-10-as-13.06.01_d5b16240.jpg\" alt=\"instala\u00e7\u00e3o de ar condicionado\" \/><\/figure><\/div><div class=\"swiper-slide\" role=\"group\" aria-roledescription=\"slide\" aria-label=\"4 de 4\"><figure class=\"swiper-slide-inner\"><img decoding=\"async\" class=\"swiper-slide-image\" src=\"https:\/\/arefrigeracaocwb.com.br\/blog\/wp-content\/uploads\/2025\/11\/Imagem-do-WhatsApp-de-2025-10-10-as-13.05.59_7db46e7f.jpg\" alt=\"instala\u00e7\u00e3o de ar condicionado\" \/><\/figure><\/div>\t\t\t<\/div>\n\t\t\t\t\t\t\t\t\t\t\t\t<div class=\"elementor-swiper-button elementor-swiper-button-prev\" role=\"button\" tabindex=\"0\">\n\t\t\t\t\t\t<svg aria-hidden=\"true\" class=\"e-font-icon-svg e-eicon-chevron-left\" viewBox=\"0 0 1000 1000\" xmlns=\"http:\/\/www.w3.org\/2000\/svg\"><path d=\"M646 125C629 125 613 133 604 142L308 442C296 454 292 471 292 487 292 504 296 521 308 533L604 854C617 867 629 875 646 875 663 875 679 871 692 858 704 846 713 829 713 812 713 796 708 779 692 767L438 487 692 225C700 217 708 204 708 187 708 171 704 154 692 142 675 129 663 125 646 125Z\"><\/path><\/svg>\t\t\t\t\t<\/div>\n\t\t\t\t\t<div class=\"elementor-swiper-button elementor-swiper-button-next\" role=\"button\" tabindex=\"0\">\n\t\t\t\t\t\t<svg aria-hidden=\"true\" class=\"e-font-icon-svg e-eicon-chevron-right\" viewBox=\"0 0 1000 1000\" xmlns=\"http:\/\/www.w3.org\/2000\/svg\"><path d=\"M696 533C708 521 713 504 713 487 713 471 708 454 696 446L400 146C388 133 375 125 354 125 338 125 325 129 313 142 300 154 292 171 292 187 292 204 296 221 308 233L563 492 304 771C292 783 288 800 288 817 288 833 296 850 308 863 321 871 338 875 354 875 371 875 388 867 400 854L696 533Z\"><\/path><\/svg>\t\t\t\t\t<\/div>\n\t\t\t\t\n\t\t\t\t\t\t\t\t\t<div class=\"swiper-pagination\"><\/div>\n\t\t\t\t\t\t\t\t\t<\/div>\n\t\t\t\t\t\t<\/div>\n\t\t\t\t<div class=\"elementor-element elementor-element-987e9cd elementor-widget elementor-widget-heading\" data-id=\"987e9cd\" data-element_type=\"widget\" data-e-type=\"widget\" data-widget_type=\"heading.default\">\n\t\t\t\t\t<h2 class=\"elementor-heading-title elementor-size-default\">Perguntas frequentes<\/h2>\t\t\t\t<\/div>\n\t\t\t\t\t<\/div>\n\t\t\t\t<\/div>\n\t\t<div class=\"elementor-element elementor-element-b75ce4b e-flex e-con-boxed wpr-particle-no wpr-jarallax-no wpr-parallax-no wpr-sticky-section-no wpr-column-slider-no wpr-equal-height-no e-con e-parent\" data-id=\"b75ce4b\" data-element_type=\"container\" data-e-type=\"container\">\n\t\t\t\t\t<div class=\"e-con-inner\">\n\t\t\t\t<div class=\"elementor-element elementor-element-efd8016 elementor-widget elementor-widget-text-editor\" data-id=\"efd8016\" data-element_type=\"widget\" data-e-type=\"widget\" data-widget_type=\"text-editor.default\">\n\t\t\t\t\t\t\t\t\t<p><strong><span style=\"color: inherit; font-family: inherit; font-size: 2rem;\">1. O que \u00e9 o sistema VRF e por que ele \u00e9 melhor para um escrit\u00f3rio ou ag\u00eancia banc\u00e1ria?<\/span><\/strong><\/p><p>O VRF (Fluxo de Refrigerante Vari\u00e1vel) \u00e9 um sistema central inteligente. Diferente do Split comum, ele usa uma \u00fanica unidade externa para alimentar m\u00faltiplas unidades internas. Sua principal vantagem \u00e9 a efici\u00eancia energ\u00e9tica, pois o compressor ajusta a pot\u00eancia exatamente \u00e0 demanda necess\u00e1ria, e a flexibilidade, permitindo que a sala de reuni\u00e3o esteja a 20\u00b0C enquanto o data center est\u00e1 a 18\u00b0C, tudo ao mesmo tempo.<\/p><h2>2. Qual a diferen\u00e7a entre &#8220;instala\u00e7\u00e3o&#8221; e &#8220;Start Up&#8221; de um ar condicionado VRF?<\/h2><p>A instala\u00e7\u00e3o \u00e9 a parte f\u00edsica: passagem de tubula\u00e7\u00f5es, fixa\u00e7\u00e3o das m\u00e1quinas (internas e externas) e liga\u00e7\u00f5es el\u00e9tricas. O Start Up (ou comissionamento) \u00e9 a etapa t\u00e9cnica final, feita por um especialista credenciado (como a AR Refrigera\u00e7\u00e3o). \u00c9 quando o sistema \u00e9 &#8220;ligado&#8221; pela primeira vez, configuram-se os par\u00e2metros, endere\u00e7am-se as unidades e s\u00e3o feitos testes de performance. Um Start Up mal feito pode reduzir a vida \u00fatil do equipamento e aumentar o consumo de energia.<\/p><h2>3. Quanto custa uma instala\u00e7\u00e3o de ar condicionado VRF Midea em Curitiba?<\/h2><p>O custo de um projeto VRF depende de v\u00e1rios fatores: a capacidade total (em BTUs), o n\u00famero de unidades internas, a complexidade da infraestrutura (dist\u00e2ncia e altura das tubula\u00e7\u00f5es) e as especifica\u00e7\u00f5es do local. Por ser um sistema de alta tecnologia, o investimento inicial \u00e9 maior que o de Splits comuns, mas \u00e9 compensado a m\u00e9dio prazo pela grande economia na conta de energia. Para um or\u00e7amento preciso, \u00e9 indispens\u00e1vel uma visita t\u00e9cnica.<\/p><h2><strong>4. Voc\u00eas oferecem contrato de manuten\u00e7\u00e3o de ar condicionado VRF para empresas em Curitiba? <\/strong><\/h2><p>Sim. A manuten\u00e7\u00e3o preventiva (PMOC) \u00e9 essencial para sistemas VRF. Oferecemos contratos de manuten\u00e7\u00e3o de ar condicionado comercial em Curitiba que incluem limpeza de filtros, verifica\u00e7\u00e3o de press\u00e3o, testes de performance e checagem do sistema eletr\u00f4nico, garantindo que seu equipamento funcione com m\u00e1xima efici\u00eancia e sem paradas inesperadas.<\/p><h2>Sua empresa em Curitiba precisa de um projeto de climatiza\u00e7\u00e3o?<\/h2><p>Seja para a instala\u00e7\u00e3o de ar condicionado em Curitiba ou para a manuten\u00e7\u00e3o de ar condicionado comercial e residencial, a AR Refrigera\u00e7\u00e3o \u00e9 especialista.<\/p><p>Somos credenciados para instala\u00e7\u00e3o e Start Up de sistemas VRF das maiores marcas, como Midea, Daikin, LG e Samsung.<\/p>\t\t\t\t\t\t\t\t<\/div>\n\t\t\t\t\t<\/div>\n\t\t\t\t<\/div>\n\t\t\t\t<\/div>\n\t\t","protected":false},"excerpt":{"rendered":"<p>A AR Refrigera\u00e7\u00e3o concluiu com sucesso a instala\u00e7\u00e3o de um sistema de ar condicionado central de alta efici\u00eancia para uma das ag\u00eancias do Bradesco em Curitiba (PR). O projeto envolveu a ativa\u00e7\u00e3o e configura\u00e7\u00e3o de um moderno sistema VRF Midea, garantindo climatiza\u00e7\u00e3o precisa, performance superior e m\u00e1xima efici\u00eancia energ\u00e9tica para o ambiente corporativo. Este projeto refor\u00e7a nossa especialidade em solu\u00e7\u00f5es de ar condicionado comercial em Curitiba, atendendo clientes de grande porte com tecnologia de ponta. Detalhes do ProjetoTipo de Estabelecimento: Ag\u00eancia banc\u00e1ria (Bradesco) Tipo de Equipamento Instalado: Sistema de climatiza\u00e7\u00e3o VRF (Variable Refrigerant Flow) Midea. Este sistema \u00e9 ideal para edif\u00edcios comerciais que exigem controle de temperatura individualizado por zonas (como salas de reuni\u00e3o, caixas e ger\u00eancia) e buscam o m\u00e1ximo em efici\u00eancia energ\u00e9tica e baixo ru\u00eddo. Servi\u00e7o Realizado: Start Up (Comissionamento) e Ativa\u00e7\u00e3o do Sistema VRF. O servi\u00e7o incluiu a verifica\u00e7\u00e3o de toda a instala\u00e7\u00e3o, testes de estanqueidade, v\u00e1cuo no sistema, configura\u00e7\u00e3o de par\u00e2metros t\u00e9cnicos, endere\u00e7amento de unidades internas e testes de performance para garantir que todo o sistema opere conforme as especifica\u00e7\u00f5es do fabricante (Midea) e as necessidades do cliente (Bradesco). Localiza\u00e7\u00e3o: Curitiba &#8211; Paran\u00e1 Materiais de Instala\u00e7\u00e3o Inclusos: O Start Up validou o uso de tubula\u00e7\u00f5es de cobre, isolamento t\u00e9rmico, drenos, cabos de comunica\u00e7\u00e3o (protocolo) e el\u00e9tricos, e acabamento de alto padr\u00e3o, assegurando a durabilidade e seguran\u00e7a de toda a instala\u00e7\u00e3o de ar condicionado. Garantia: A AR Refrigera\u00e7\u00e3o oferece 12 meses de garantia no Start Up e comissionamento, al\u00e9m da garantia de f\u00e1brica dos equipamentos Midea. Resultado do Projeto: O sistema VRF foi entregue em pleno funcionamento, proporcionando um ambiente climatizado de forma silenciosa, eficiente e com controle total. O projeto foi conclu\u00eddo dentro do prazo, garantindo a satisfa\u00e7\u00e3o do cliente e o conforto de colaboradores e usu\u00e1rios da ag\u00eancia banc\u00e1ria. Perguntas frequentes 1. O que \u00e9 o sistema VRF e por que ele \u00e9 melhor para um escrit\u00f3rio ou ag\u00eancia banc\u00e1ria? O VRF (Fluxo de Refrigerante Vari\u00e1vel) \u00e9 um sistema central inteligente. Diferente do Split comum, ele usa uma \u00fanica unidade externa para alimentar m\u00faltiplas unidades internas. Sua principal vantagem \u00e9 a efici\u00eancia energ\u00e9tica, pois o compressor ajusta a pot\u00eancia exatamente \u00e0 demanda necess\u00e1ria, e a flexibilidade, permitindo que a sala de reuni\u00e3o esteja a 20\u00b0C enquanto o data center est\u00e1 a 18\u00b0C, tudo ao mesmo tempo. 2. Qual a diferen\u00e7a entre &#8220;instala\u00e7\u00e3o&#8221; e &#8220;Start Up&#8221; de um ar condicionado VRF? A instala\u00e7\u00e3o \u00e9 a parte f\u00edsica: passagem de tubula\u00e7\u00f5es, fixa\u00e7\u00e3o das m\u00e1quinas (internas e externas) e liga\u00e7\u00f5es el\u00e9tricas. O Start Up (ou comissionamento) \u00e9 a etapa t\u00e9cnica final, feita por um especialista credenciado (como a AR Refrigera\u00e7\u00e3o). \u00c9 quando o sistema \u00e9 &#8220;ligado&#8221; pela primeira vez, configuram-se os par\u00e2metros, endere\u00e7am-se as unidades e s\u00e3o feitos testes de performance. Um Start Up mal feito pode reduzir a vida \u00fatil do equipamento e aumentar o consumo de energia. 3. Quanto custa uma instala\u00e7\u00e3o de ar condicionado VRF Midea em Curitiba? O custo de um projeto VRF depende de v\u00e1rios fatores: a capacidade total (em BTUs), o n\u00famero de unidades internas, a complexidade da infraestrutura (dist\u00e2ncia e altura das tubula\u00e7\u00f5es) e as especifica\u00e7\u00f5es do local. Por ser um sistema de alta tecnologia, o investimento inicial \u00e9 maior que o de Splits comuns, mas \u00e9 compensado a m\u00e9dio prazo pela grande economia na conta de energia. Para um or\u00e7amento preciso, \u00e9 indispens\u00e1vel uma visita t\u00e9cnica. 4. Voc\u00eas oferecem contrato de manuten\u00e7\u00e3o de ar condicionado VRF para empresas em Curitiba? Sim. A manuten\u00e7\u00e3o preventiva (PMOC) \u00e9 essencial para sistemas VRF. Oferecemos contratos de manuten\u00e7\u00e3o de ar condicionado comercial em Curitiba que incluem limpeza de filtros, verifica\u00e7\u00e3o de press\u00e3o, testes de performance e checagem do sistema eletr\u00f4nico, garantindo que seu equipamento funcione com m\u00e1xima efici\u00eancia e sem paradas inesperadas. Sua empresa em Curitiba precisa de um projeto de climatiza\u00e7\u00e3o? Seja para a instala\u00e7\u00e3o de ar condicionado em Curitiba ou para a manuten\u00e7\u00e3o de ar condicionado comercial e residencial, a AR Refrigera\u00e7\u00e3o \u00e9 especialista. Somos credenciados para instala\u00e7\u00e3o e Start Up de sistemas VRF das maiores marcas, como Midea, Daikin, LG e Samsung.<\/p>\n","protected":false},"author":1,"featured_media":1075,"comment_status":"open","ping_status":"open","sticky":false,"template":"","format":"standard","meta":{"footnotes":""},"categories":[1],"tags":[],"class_list":["post-1073","post","type-post","status-publish","format-standard","has-post-thumbnail","hentry","category-blog"],"_links":{"self":[{"href":"https:\/\/arefrigeracaocwb.com.br\/blog\/wp-json\/wp\/v2\/posts\/1073","targetHints":{"allow":["GET"]}}],"collection":[{"href":"https:\/\/arefrigeracaocwb.com.br\/blog\/wp-json\/wp\/v2\/posts"}],"about":[{"href":"https:\/\/arefrigeracaocwb.com.br\/blog\/wp-json\/wp\/v2\/types\/post"}],"author":[{"embeddable":true,"href":"https:\/\/arefrigeracaocwb.com.br\/blog\/wp-json\/wp\/v2\/users\/1"}],"replies":[{"embeddable":true,"href":"https:\/\/arefrigeracaocwb.com.br\/blog\/wp-json\/wp\/v2\/comments?post=1073"}],"version-history":[{"count":5,"href":"https:\/\/arefrigeracaocwb.com.br\/blog\/wp-json\/wp\/v2\/posts\/1073\/revisions"}],"predecessor-version":[{"id":1082,"href":"https:\/\/arefrigeracaocwb.com.br\/blog\/wp-json\/wp\/v2\/posts\/1073\/revisions\/1082"}],"wp:featuredmedia":[{"embeddable":true,"href":"https:\/\/arefrigeracaocwb.com.br\/blog\/wp-json\/wp\/v2\/media\/1075"}],"wp:attachment":[{"href":"https:\/\/arefrigeracaocwb.com.br\/blog\/wp-json\/wp\/v2\/media?parent=1073"}],"wp:term":[{"taxonomy":"category","embeddable":true,"href":"https:\/\/arefrigeracaocwb.com.br\/blog\/wp-json\/wp\/v2\/categories?post=1073"},{"taxonomy":"post_tag","embeddable":true,"href":"https:\/\/arefrigeracaocwb.com.br\/blog\/wp-json\/wp\/v2\/tags?post=1073"}],"curies":[{"name":"wp","href":"https:\/\/api.w.org\/{rel}","templated":true}]}}