{"id":1048,"date":"2025-11-02T21:12:07","date_gmt":"2025-11-02T21:12:07","guid":{"rendered":"https:\/\/arefrigeracaocwb.com.br\/blog\/?p=1048"},"modified":"2025-11-11T13:41:07","modified_gmt":"2025-11-11T13:41:07","slug":"projeto-de-ar-condicionado-industrial-em-curitiba","status":"publish","type":"post","link":"https:\/\/arefrigeracaocwb.com.br\/blog\/projeto-de-ar-condicionado-industrial-em-curitiba\/","title":{"rendered":"Projeto de ar condicionado industrial em Curitiba"},"content":{"rendered":"\t\t<div data-elementor-type=\"wp-post\" data-elementor-id=\"1048\" class=\"elementor elementor-1048\">\n\t\t\t\t<div class=\"elementor-element elementor-element-5313195 e-flex e-con-boxed wpr-particle-no wpr-jarallax-no wpr-parallax-no wpr-sticky-section-no wpr-column-slider-no wpr-equal-height-no e-con e-parent\" data-id=\"5313195\" data-element_type=\"container\" data-e-type=\"container\">\n\t\t\t\t\t<div class=\"e-con-inner\">\n\t\t\t\t<div class=\"elementor-element elementor-element-996912c elementor-widget elementor-widget-text-editor\" data-id=\"996912c\" data-element_type=\"widget\" data-e-type=\"widget\" data-widget_type=\"text-editor.default\">\n\t\t\t\t\t\t\t\t\t<p>A AR Refrigera\u00e7\u00e3o realizou a instala\u00e7\u00e3o de um sistema de ar condicionado industrial completo para um galp\u00e3o em S\u00e3o Jos\u00e9 dos Pinhais (PR), garantindo conforto t\u00e9rmico, efici\u00eancia energ\u00e9tica e alto desempenho no ambiente de trabalho.<\/p><p><strong>Tipo de Estabelecimento:<\/strong> Galp\u00e3o industrial<\/p><p><strong>Tipo de Equipamento Instalado:<\/strong> Sistema de ar condicionado Split \u2013 ideal para grandes \u00e1reas que exigem climatiza\u00e7\u00e3o constante e controle de temperatura est\u00e1vel.<\/p><p><strong>Capacidade Total:<\/strong> 4 m\u00e1quinas com 66.000 BTUs de pot\u00eancia, distribu\u00eddas estrategicamente para proporcionar climatiza\u00e7\u00e3o uniforme em toda a \u00e1rea produtiva.<\/p><p><strong>Localiza\u00e7\u00e3o:<\/strong> S\u00e3o Jos\u00e9 dos Pinhais \u2013 Paran\u00e1<\/p><p><strong>Materiais de Instala\u00e7\u00e3o Inclusos:<\/strong> A instala\u00e7\u00e3o foi executada com tubula\u00e7\u00f5es de cobre, isolamento t\u00e9rmico, drenos, cabos el\u00e9tricos, suportes met\u00e1licos refor\u00e7ados e acabamento industrial de alto padr\u00e3o, garantindo durabilidade e seguran\u00e7a no funcionamento do sistema.<\/p><p><strong>Garantia:<\/strong> A AR Refrigera\u00e7\u00e3o oferece 12 meses de garantia na instala\u00e7\u00e3o, al\u00e9m da garantia de f\u00e1brica dos equipamentos.<\/p><p><strong>Resultado do Projeto:<\/strong> O sistema instalado proporcionou melhor conforto t\u00e9rmico para os colaboradores, redu\u00e7\u00e3o no consumo de energia e melhoria na produtividade do ambiente industrial. O projeto foi conclu\u00eddo dentro do prazo e com total satisfa\u00e7\u00e3o do cliente.<\/p>\t\t\t\t\t\t\t\t<\/div>\n\t\t\t\t\t<\/div>\n\t\t\t\t<\/div>\n\t\t<div class=\"elementor-element elementor-element-dd6c07b e-flex e-con-boxed wpr-particle-no wpr-jarallax-no wpr-parallax-no wpr-sticky-section-no wpr-column-slider-no wpr-equal-height-no e-con e-parent\" data-id=\"dd6c07b\" data-element_type=\"container\" data-e-type=\"container\">\n\t\t\t\t\t<div class=\"e-con-inner\">\n\t\t\t\t<div class=\"elementor-element elementor-element-b150801 elementor-widget elementor-widget-text-editor\" data-id=\"b150801\" data-element_type=\"widget\" data-e-type=\"widget\" data-widget_type=\"text-editor.default\">\n\t\t\t\t\t\t\t\t\t<h2>Quer garantir a climatiza\u00e7\u00e3o ideal para sua empresa?<\/h2><p>Entre em contato com a AR Refrigera\u00e7\u00e3o e simule seu or\u00e7amento para instala\u00e7\u00e3o de ar condicionado industrial.<\/p><p>Nossa equipe est\u00e1 pronta para desenvolver o projeto sob medida para o seu espa\u00e7o, com efici\u00eancia, qualidade e o melhor custo-benef\u00edcio.<\/p>\t\t\t\t\t\t\t\t<\/div>\n\t\t\t\t\t<\/div>\n\t\t\t\t<\/div>\n\t\t<div class=\"elementor-element elementor-element-75515cf e-flex e-con-boxed wpr-particle-no wpr-jarallax-no wpr-parallax-no wpr-sticky-section-no wpr-column-slider-no wpr-equal-height-no e-con e-parent\" data-id=\"75515cf\" data-element_type=\"container\" data-e-type=\"container\">\n\t\t\t\t\t<div class=\"e-con-inner\">\n\t\t\t\t<div class=\"elementor-element elementor-element-cef1142 elementor-arrows-position-inside elementor-pagination-position-outside elementor-widget elementor-widget-image-carousel\" data-id=\"cef1142\" data-element_type=\"widget\" data-e-type=\"widget\" data-settings=\"{&quot;slides_to_show&quot;:&quot;1&quot;,&quot;navigation&quot;:&quot;both&quot;,&quot;autoplay&quot;:&quot;yes&quot;,&quot;pause_on_hover&quot;:&quot;yes&quot;,&quot;pause_on_interaction&quot;:&quot;yes&quot;,&quot;autoplay_speed&quot;:5000,&quot;infinite&quot;:&quot;yes&quot;,&quot;effect&quot;:&quot;slide&quot;,&quot;speed&quot;:500}\" data-widget_type=\"image-carousel.default\">\n\t\t\t\t\t\t\t<div class=\"elementor-image-carousel-wrapper swiper\" role=\"region\" aria-roledescription=\"carousel\" aria-label=\"Carrossel de imagens\" dir=\"ltr\">\n\t\t\t<div class=\"elementor-image-carousel swiper-wrapper\" aria-live=\"off\">\n\t\t\t\t\t\t\t\t<div class=\"swiper-slide\" role=\"group\" aria-roledescription=\"slide\" aria-label=\"1 de 4\"><figure class=\"swiper-slide-inner\"><img decoding=\"async\" class=\"swiper-slide-image\" src=\"https:\/\/arefrigeracaocwb.com.br\/blog\/wp-content\/uploads\/2025\/11\/Imagem-do-WhatsApp-de-2025-10-15-as-15.30.00_86fe5d0c.jpg\" alt=\"instala\u00e7\u00e3o de ar condicionado industrial\" \/><\/figure><\/div><div class=\"swiper-slide\" role=\"group\" aria-roledescription=\"slide\" aria-label=\"2 de 4\"><figure class=\"swiper-slide-inner\"><img decoding=\"async\" class=\"swiper-slide-image\" src=\"https:\/\/arefrigeracaocwb.com.br\/blog\/wp-content\/uploads\/2025\/11\/Imagem-do-WhatsApp-de-2025-10-15-as-15.30.00_55c1e222.jpg\" alt=\"instala\u00e7\u00e3o de ar condicionado industrial\" \/><\/figure><\/div><div class=\"swiper-slide\" role=\"group\" aria-roledescription=\"slide\" aria-label=\"3 de 4\"><figure class=\"swiper-slide-inner\"><img decoding=\"async\" class=\"swiper-slide-image\" src=\"https:\/\/arefrigeracaocwb.com.br\/blog\/wp-content\/uploads\/2025\/11\/Imagem-do-WhatsApp-de-2025-10-15-as-15.30.00_38405761.jpg\" alt=\"instala\u00e7\u00e3o de ar condicionado industrial\" \/><\/figure><\/div><div class=\"swiper-slide\" role=\"group\" aria-roledescription=\"slide\" aria-label=\"4 de 4\"><figure class=\"swiper-slide-inner\"><img decoding=\"async\" class=\"swiper-slide-image\" src=\"https:\/\/arefrigeracaocwb.com.br\/blog\/wp-content\/uploads\/2025\/11\/Imagem-do-WhatsApp-de-2025-10-15-as-15.30.01_5e8f43bc.jpg\" alt=\"instala\u00e7\u00e3o de ar condicionado industrial\" \/><\/figure><\/div>\t\t\t<\/div>\n\t\t\t\t\t\t\t\t\t\t\t\t<div class=\"elementor-swiper-button elementor-swiper-button-prev\" role=\"button\" tabindex=\"0\">\n\t\t\t\t\t\t<svg aria-hidden=\"true\" class=\"e-font-icon-svg e-eicon-chevron-left\" viewBox=\"0 0 1000 1000\" xmlns=\"http:\/\/www.w3.org\/2000\/svg\"><path d=\"M646 125C629 125 613 133 604 142L308 442C296 454 292 471 292 487 292 504 296 521 308 533L604 854C617 867 629 875 646 875 663 875 679 871 692 858 704 846 713 829 713 812 713 796 708 779 692 767L438 487 692 225C700 217 708 204 708 187 708 171 704 154 692 142 675 129 663 125 646 125Z\"><\/path><\/svg>\t\t\t\t\t<\/div>\n\t\t\t\t\t<div class=\"elementor-swiper-button elementor-swiper-button-next\" role=\"button\" tabindex=\"0\">\n\t\t\t\t\t\t<svg aria-hidden=\"true\" class=\"e-font-icon-svg e-eicon-chevron-right\" viewBox=\"0 0 1000 1000\" xmlns=\"http:\/\/www.w3.org\/2000\/svg\"><path d=\"M696 533C708 521 713 504 713 487 713 471 708 454 696 446L400 146C388 133 375 125 354 125 338 125 325 129 313 142 300 154 292 171 292 187 292 204 296 221 308 233L563 492 304 771C292 783 288 800 288 817 288 833 296 850 308 863 321 871 338 875 354 875 371 875 388 867 400 854L696 533Z\"><\/path><\/svg>\t\t\t\t\t<\/div>\n\t\t\t\t\n\t\t\t\t\t\t\t\t\t<div class=\"swiper-pagination\"><\/div>\n\t\t\t\t\t\t\t\t\t<\/div>\n\t\t\t\t\t\t<\/div>\n\t\t\t\t\t<\/div>\n\t\t\t\t<\/div>\n\t\t\t\t<\/div>\n\t\t","protected":false},"excerpt":{"rendered":"<p>A AR Refrigera\u00e7\u00e3o realizou a instala\u00e7\u00e3o de um sistema de ar condicionado industrial completo para um galp\u00e3o em S\u00e3o Jos\u00e9 dos Pinhais (PR), garantindo conforto t\u00e9rmico, efici\u00eancia energ\u00e9tica e alto desempenho no ambiente de trabalho. Tipo de Estabelecimento: Galp\u00e3o industrial Tipo de Equipamento Instalado: Sistema de ar condicionado Split \u2013 ideal para grandes \u00e1reas que exigem climatiza\u00e7\u00e3o constante e controle de temperatura est\u00e1vel. Capacidade Total: 4 m\u00e1quinas com 66.000 BTUs de pot\u00eancia, distribu\u00eddas estrategicamente para proporcionar climatiza\u00e7\u00e3o uniforme em toda a \u00e1rea produtiva. Localiza\u00e7\u00e3o: S\u00e3o Jos\u00e9 dos Pinhais \u2013 Paran\u00e1 Materiais de Instala\u00e7\u00e3o Inclusos: A instala\u00e7\u00e3o foi executada com tubula\u00e7\u00f5es de cobre, isolamento t\u00e9rmico, drenos, cabos el\u00e9tricos, suportes met\u00e1licos refor\u00e7ados e acabamento industrial de alto padr\u00e3o, garantindo durabilidade e seguran\u00e7a no funcionamento do sistema. Garantia: A AR Refrigera\u00e7\u00e3o oferece 12 meses de garantia na instala\u00e7\u00e3o, al\u00e9m da garantia de f\u00e1brica dos equipamentos. Resultado do Projeto: O sistema instalado proporcionou melhor conforto t\u00e9rmico para os colaboradores, redu\u00e7\u00e3o no consumo de energia e melhoria na produtividade do ambiente industrial. O projeto foi conclu\u00eddo dentro do prazo e com total satisfa\u00e7\u00e3o do cliente. Quer garantir a climatiza\u00e7\u00e3o ideal para sua empresa? Entre em contato com a AR Refrigera\u00e7\u00e3o e simule seu or\u00e7amento para instala\u00e7\u00e3o de ar condicionado industrial. Nossa equipe est\u00e1 pronta para desenvolver o projeto sob medida para o seu espa\u00e7o, com efici\u00eancia, qualidade e o melhor custo-benef\u00edcio.<\/p>\n","protected":false},"author":1,"featured_media":1054,"comment_status":"open","ping_status":"open","sticky":false,"template":"","format":"standard","meta":{"footnotes":""},"categories":[1],"tags":[],"class_list":["post-1048","post","type-post","status-publish","format-standard","has-post-thumbnail","hentry","category-blog"],"_links":{"self":[{"href":"https:\/\/arefrigeracaocwb.com.br\/blog\/wp-json\/wp\/v2\/posts\/1048","targetHints":{"allow":["GET"]}}],"collection":[{"href":"https:\/\/arefrigeracaocwb.com.br\/blog\/wp-json\/wp\/v2\/posts"}],"about":[{"href":"https:\/\/arefrigeracaocwb.com.br\/blog\/wp-json\/wp\/v2\/types\/post"}],"author":[{"embeddable":true,"href":"https:\/\/arefrigeracaocwb.com.br\/blog\/wp-json\/wp\/v2\/users\/1"}],"replies":[{"embeddable":true,"href":"https:\/\/arefrigeracaocwb.com.br\/blog\/wp-json\/wp\/v2\/comments?post=1048"}],"version-history":[{"count":5,"href":"https:\/\/arefrigeracaocwb.com.br\/blog\/wp-json\/wp\/v2\/posts\/1048\/revisions"}],"predecessor-version":[{"id":1112,"href":"https:\/\/arefrigeracaocwb.com.br\/blog\/wp-json\/wp\/v2\/posts\/1048\/revisions\/1112"}],"wp:featuredmedia":[{"embeddable":true,"href":"https:\/\/arefrigeracaocwb.com.br\/blog\/wp-json\/wp\/v2\/media\/1054"}],"wp:attachment":[{"href":"https:\/\/arefrigeracaocwb.com.br\/blog\/wp-json\/wp\/v2\/media?parent=1048"}],"wp:term":[{"taxonomy":"category","embeddable":true,"href":"https:\/\/arefrigeracaocwb.com.br\/blog\/wp-json\/wp\/v2\/categories?post=1048"},{"taxonomy":"post_tag","embeddable":true,"href":"https:\/\/arefrigeracaocwb.com.br\/blog\/wp-json\/wp\/v2\/tags?post=1048"}],"curies":[{"name":"wp","href":"https:\/\/api.w.org\/{rel}","templated":true}]}}